{"id":7602,"date":"2018-08-30T19:40:40","date_gmt":"2018-08-30T19:40:40","guid":{"rendered":"https:\/\/cdu-kempen.de\/?p=7602"},"modified":"2018-09-10T16:09:05","modified_gmt":"2018-09-10T16:09:05","slug":"dr-marcus-optendrenk-mdl-und-der-vorstand-der-fu-kempen-haben-das-unternehmen-az-in-kempen-besucht","status":"publish","type":"post","link":"https:\/\/cdu-kempen.de\/index.php\/dr-marcus-optendrenk-mdl-und-der-vorstand-der-fu-kempen-haben-das-unternehmen-az-in-kempen-besucht\/","title":{"rendered":"Dr. Marcus Optendrenk MdL und der Vorstand der FU haben das Unternehmen AZ in Kempen besucht"},"content":{"rendered":"<p>Dr. Marcus Optendrenk MdL und der Vorstand der Frauen Union der CDU Kempen haben die Absatzzentrale Kempen GmbH AZ in Kempen besucht.<\/p>\n<p>Nach der Begr\u00fc\u00dfung durch Gesch\u00e4ftsf\u00fchrer Oliver Bremicker f\u00fchrte der Betriebsleiter Michael Wessel die Gruppe durch den seit 10 Jahren am Standort Kempen ans\u00e4ssigen hochmodernen Betrieb. Viele Jahre ist das Unternehmen zuvor in Krefeld ans\u00e4ssig gewesen.<\/p>\n<p>Es wurde \u00fcber die Abl\u00e4ufe der LKW-Warenanlieferung und die Distributionen an den Gro\u00dfkunden LIDL informiert. AZ betreibt dies nach dem First In und First Out System. Es werden stichprobenartige Qualit\u00e4tskontrollen in Bezug auf Frische und Aussehen vorgenommen. Das Unternehmen AZ arbeitet an 364 Tagen im Jahr.<\/p>\n<p>Dar\u00fcber hinaus wird durch ein eigenes Labor gew\u00e4hrleistet, dass Schadstoffe und \u00a0st\u00e4ndig unterhalb eines Grenzwertes bleiben und die Qualit\u00e4t der Produkte weiter verbessert werden.<\/p>\n<p>Der Gesch\u00e4ftsf\u00fchrer Oliver Bremicker erl\u00e4uterte die Entstehungsgeschichte und den Aufbau der GmbH mit Genossenschaftsanteilen.<\/p>\n<p>Die Firma AZ ist zukunftsorientiert aufgestellt. AZ legt einen gro\u00dfen Fokus auf die Nachhaltigkeit. Nachhaltiges Handeln ist f\u00fcr nachfolgende Generationen von gro\u00dfer Bedeutung.<\/p>\n<p><img loading=\"lazy\" decoding=\"async\" class=\"alignnone size-medium wp-image-7604\" src=\"https:\/\/cdu-kempen.de\/wp-content\/uploads\/2018\/08\/IMG-20180829-WA0000-390x245.jpg\" alt=\"\" width=\"390\" height=\"245\" \/><\/p>\n<p><img loading=\"lazy\" decoding=\"async\" class=\"alignnone size-medium wp-image-7609\" src=\"https:\/\/cdu-kempen.de\/wp-content\/uploads\/2018\/08\/IMG-20180829-WA0006-390x245.jpg\" alt=\"\" width=\"390\" height=\"245\" \/><\/p>\n<p><img loading=\"lazy\" decoding=\"async\" class=\"alignnone size-medium wp-image-7606\" src=\"https:\/\/cdu-kempen.de\/wp-content\/uploads\/2018\/08\/IMG-20180829-WA0003-390x245.jpg\" alt=\"\" width=\"390\" height=\"245\" \/><\/p>\n<p><img loading=\"lazy\" decoding=\"async\" class=\"alignnone size-medium wp-image-7607\" src=\"https:\/\/cdu-kempen.de\/wp-content\/uploads\/2018\/08\/IMG-20180829-WA0004-390x245.jpg\" alt=\"\" width=\"390\" height=\"245\" \/><\/p>\n<p><img loading=\"lazy\" decoding=\"async\" class=\"alignnone size-medium wp-image-7608\" src=\"https:\/\/cdu-kempen.de\/wp-content\/uploads\/2018\/08\/IMG-20180829-WA0005-390x245.jpg\" alt=\"\" width=\"390\" height=\"245\" \/><\/p>\n","protected":false},"excerpt":{"rendered":"<p>Dr. Marcus Optendrenk MdL und der Vorstand der Frauen Union der CDU Kempen haben die Absatzzentrale Kempen GmbH AZ in Kempen besucht. Nach der Begr\u00fc\u00dfung durch Gesch\u00e4ftsf\u00fchrer Oliver Bremicker f\u00fchrte der Betriebsleiter Michael Wessel die Gruppe durch den seit 10 Jahren am Standort Kempen ans\u00e4ssigen hochmodernen Betrieb. Viele Jahre ist das Unternehmen zuvor in Krefeld [&hellip;]<\/p>\n","protected":false},"author":6,"featured_media":7639,"comment_status":"closed","ping_status":"open","sticky":false,"template":"","format":"standard","meta":{"_et_pb_use_builder":"","_et_pb_old_content":"","_et_gb_content_width":"","footnotes":""},"categories":[1],"tags":[],"class_list":["post-7602","post","type-post","status-publish","format-standard","has-post-thumbnail","hentry","category-uncategorized"],"_links":{"self":[{"href":"https:\/\/cdu-kempen.de\/index.php\/wp-json\/wp\/v2\/posts\/7602"}],"collection":[{"href":"https:\/\/cdu-kempen.de\/index.php\/wp-json\/wp\/v2\/posts"}],"about":[{"href":"https:\/\/cdu-kempen.de\/index.php\/wp-json\/wp\/v2\/types\/post"}],"author":[{"embeddable":true,"href":"https:\/\/cdu-kempen.de\/index.php\/wp-json\/wp\/v2\/users\/6"}],"replies":[{"embeddable":true,"href":"https:\/\/cdu-kempen.de\/index.php\/wp-json\/wp\/v2\/comments?post=7602"}],"version-history":[{"count":4,"href":"https:\/\/cdu-kempen.de\/index.php\/wp-json\/wp\/v2\/posts\/7602\/revisions"}],"predecessor-version":[{"id":7613,"href":"https:\/\/cdu-kempen.de\/index.php\/wp-json\/wp\/v2\/posts\/7602\/revisions\/7613"}],"wp:featuredmedia":[{"embeddable":true,"href":"https:\/\/cdu-kempen.de\/index.php\/wp-json\/wp\/v2\/media\/7639"}],"wp:attachment":[{"href":"https:\/\/cdu-kempen.de\/index.php\/wp-json\/wp\/v2\/media?parent=7602"}],"wp:term":[{"taxonomy":"category","embeddable":true,"href":"https:\/\/cdu-kempen.de\/index.php\/wp-json\/wp\/v2\/categories?post=7602"},{"taxonomy":"post_tag","embeddable":true,"href":"https:\/\/cdu-kempen.de\/index.php\/wp-json\/wp\/v2\/tags?post=7602"}],"curies":[{"name":"wp","href":"https:\/\/api.w.org\/{rel}","templated":true}]}}