{"id":7624,"date":"2018-09-09T20:21:06","date_gmt":"2018-09-09T20:21:06","guid":{"rendered":"https:\/\/cdu-kempen.de\/?p=7624"},"modified":"2018-09-09T20:21:06","modified_gmt":"2018-09-09T20:21:06","slug":"troedelmarkt-der-cdu-kempen-sued-am-2-09-2018","status":"publish","type":"post","link":"https:\/\/cdu-kempen.de\/index.php\/troedelmarkt-der-cdu-kempen-sued-am-2-09-2018\/","title":{"rendered":"Tr\u00f6delmarkt der CDU Kempen-S\u00fcd am 2.09.2018"},"content":{"rendered":"<p>Am Sonntag, den 02.09.2018, fand auch dieses Jahr wieder der Tr\u00f6delmarkt der CDU Kempen-S\u00fcd auf dem Emilie-Horten-Platz statt. Alle Tr\u00f6delpl\u00e4tze waren voll besetzt und zahlreiche Besucherinnen und Besucher nutzen das sch\u00f6ne Wetter f\u00fcr einen Ausflug und zum Einkauf. Der CDU-Ortsausschuss Kempen-S\u00fcd war wie jedes Jahr stark vertreten und k\u00fcmmerte sich zum Selbstkostenpreis um das leibliche Wohl der Anwesenden. \u201eDer Tr\u00f6delmarkt ist eine feste Tradition im Kempener S\u00fcden und ich freue mich, dass auch in meinem ersten Jahr als Vorsitzender diese Veranstaltung wieder ein voller Erfolg war. Vielen Dank hierf\u00fcr an alle helfenden H\u00e4nde\u201c, so Dominique-Andr\u00e9 Busch, Vorsitzender des Ortsausschusses Kempen-S\u00fcd. Der Dank gilt zudem auch allen Teilnehmerinnen und Teilnehmern, die mit ihren Vielf\u00e4ltigen Angeboten zum Gelingen der Veranstaltung beigetragen haben.<\/p>\n<p><img loading=\"lazy\" decoding=\"async\" class=\"size-medium wp-image-7628 alignleft\" src=\"https:\/\/cdu-kempen.de\/wp-content\/uploads\/2018\/09\/Troedelmarkt2018-4-390x245.jpeg\" alt=\"\" width=\"390\" height=\"245\" \/><\/p>\n<p><img loading=\"lazy\" decoding=\"async\" class=\"size-medium wp-image-7626 alignleft\" src=\"https:\/\/cdu-kempen.de\/wp-content\/uploads\/2018\/09\/Troedelmarkt2018-2-390x245.jpeg\" alt=\"\" width=\"390\" height=\"245\" \/><\/p>\n<p>&nbsp;<\/p>\n<p>&nbsp;<\/p>\n<p>&nbsp;<\/p>\n<p>&nbsp;<\/p>\n<p>&nbsp;<\/p>\n<p>&nbsp;<\/p>\n<p><img loading=\"lazy\" decoding=\"async\" class=\"size-medium wp-image-7629 alignleft\" src=\"https:\/\/cdu-kempen.de\/wp-content\/uploads\/2018\/09\/Troedelmarkt2018-5-390x245.jpeg\" alt=\"\" width=\"390\" height=\"245\" \/><\/p>\n","protected":false},"excerpt":{"rendered":"<p>Am Sonntag, den 02.09.2018, fand auch dieses Jahr wieder der Tr\u00f6delmarkt der CDU Kempen-S\u00fcd auf dem Emilie-Horten-Platz statt. Alle Tr\u00f6delpl\u00e4tze waren voll besetzt und zahlreiche Besucherinnen und Besucher nutzen das sch\u00f6ne Wetter f\u00fcr einen Ausflug und zum Einkauf. Der CDU-Ortsausschuss Kempen-S\u00fcd war wie jedes Jahr stark vertreten und k\u00fcmmerte sich zum Selbstkostenpreis um das leibliche [&hellip;]<\/p>\n","protected":false},"author":5,"featured_media":7627,"comment_status":"closed","ping_status":"open","sticky":false,"template":"","format":"standard","meta":{"_et_pb_use_builder":"","_et_pb_old_content":"","_et_gb_content_width":"","footnotes":""},"categories":[1],"tags":[],"class_list":["post-7624","post","type-post","status-publish","format-standard","has-post-thumbnail","hentry","category-uncategorized"],"_links":{"self":[{"href":"https:\/\/cdu-kempen.de\/index.php\/wp-json\/wp\/v2\/posts\/7624"}],"collection":[{"href":"https:\/\/cdu-kempen.de\/index.php\/wp-json\/wp\/v2\/posts"}],"about":[{"href":"https:\/\/cdu-kempen.de\/index.php\/wp-json\/wp\/v2\/types\/post"}],"author":[{"embeddable":true,"href":"https:\/\/cdu-kempen.de\/index.php\/wp-json\/wp\/v2\/users\/5"}],"replies":[{"embeddable":true,"href":"https:\/\/cdu-kempen.de\/index.php\/wp-json\/wp\/v2\/comments?post=7624"}],"version-history":[{"count":9,"href":"https:\/\/cdu-kempen.de\/index.php\/wp-json\/wp\/v2\/posts\/7624\/revisions"}],"predecessor-version":[{"id":7637,"href":"https:\/\/cdu-kempen.de\/index.php\/wp-json\/wp\/v2\/posts\/7624\/revisions\/7637"}],"wp:featuredmedia":[{"embeddable":true,"href":"https:\/\/cdu-kempen.de\/index.php\/wp-json\/wp\/v2\/media\/7627"}],"wp:attachment":[{"href":"https:\/\/cdu-kempen.de\/index.php\/wp-json\/wp\/v2\/media?parent=7624"}],"wp:term":[{"taxonomy":"category","embeddable":true,"href":"https:\/\/cdu-kempen.de\/index.php\/wp-json\/wp\/v2\/categories?post=7624"},{"taxonomy":"post_tag","embeddable":true,"href":"https:\/\/cdu-kempen.de\/index.php\/wp-json\/wp\/v2\/tags?post=7624"}],"curies":[{"name":"wp","href":"https:\/\/api.w.org\/{rel}","templated":true}]}}