{"id":7665,"date":"2018-09-18T20:01:12","date_gmt":"2018-09-18T20:01:12","guid":{"rendered":"https:\/\/cdu-kempen.de\/?p=7665"},"modified":"2018-09-18T20:01:12","modified_gmt":"2018-09-18T20:01:12","slug":"erfolgreicher-dorfrundgang-mit-fragen-anregungen","status":"publish","type":"post","link":"https:\/\/cdu-kempen.de\/index.php\/erfolgreicher-dorfrundgang-mit-fragen-anregungen\/","title":{"rendered":"Erfolgreicher Dorfrundgang mit Fragen &#038; Anregungen"},"content":{"rendered":"<p>Im Anschluss an die Mitgliederversammlung des CDU-Ortsausschuss St. Hubert\u00a0 fand ein politischer Dorfrundgang statt, zu dem der CDU-Ortsausschuss alle B\u00fcrger\/innen eingeladen hatte. Ziel des Dorfrundgangs war es, mit den St. Huberter B\u00fcrger\/innen ins Gespr\u00e4ch zu kommen, vor Ort Entwicklungen und Potenziale f\u00fcr St. Hubert anzusprechen, Erkl\u00e4rungen seitens der Politik abzugeben, Fragen zu beantworten und Anregungen aufzunehmen.<\/p>\n<p>Im Rahmen des kurzweiligen Rundgangs wurde die Sanierung der Bahnstra\u00dfe, die KITA-Entwicklung an der Bendenstra\u00dfe und Antoniusstra\u00dfe, der Umzug des Jugendamtes nach Kempen, das Baugebiet An der M\u00fchle, das Lazarus Haus, die Sportpl\u00e4tze Stendener Str. und An Eulen sowie die Johannes-Hubertus-Schule angesprochen. Moderiert wurde der Rundgang federf\u00fchrend durch den CDU-Fraktionsvorsitzenden Wilfried Bogedain und den St. Huberter Ratsmitgliedern.<\/p>\n<p>Insbesondere die KITA-Entwicklung wird St. Hubert in den kommenden Jahren weiter besch\u00e4ftigen. In den n\u00e4chsten Monaten soll bereits eine neue KITA auf dem Parkplatz Bendenstra\u00dfe entstehen. Der Wunsch der CDU ist es dar\u00fcber hinaus in den n\u00e4chsten Jahren eine KITA in der Johannes-Hubertus-Schule zu realisieren. Diese k\u00f6nnte je nach Entwicklung der Kinderzahlen die sanierungsbed\u00fcrftigen KITA B\u00e4renstark und Tabaluga ersetzen. Weiterhin k\u00f6nnte das Calimero in die Geb\u00e4ude der Johannes-Hubertus-Schule ziehen, so dass sich an der Antoniusstra\u00dfe nach Abriss eine neue Wohnbebauung erm\u00f6glichen lie\u00dfe. Bei der Sportentwicklung hofft man auf eine baldige Umsetzung der \u201egro\u00dfen L\u00f6sung\u201c am Dorfrand in Richtung K\u00f6nigsh\u00fctte. Damit verbunden w\u00e4re auch eine neue Nutzung des Gel\u00e4ndes der Sportst\u00e4tte An Eulen. Doch zun\u00e4chst werden in den kommenden Monat die ersten Bagger auf dem Baugebiet An der M\u00fchle rollen. Die vielf\u00e4ltigen Entwicklungen in St. Hubert werden f\u00fcr die Kommunalpolitik in den n\u00e4chsten Jahren sicherlich wieder anregende Diskussionen bringen. Der Ortsausschuss freut sich auf einen weiteren diskursiven Austausch mit den St. Huberter B\u00fcrger\/innen, eine Fortf\u00fchrung des Dorfrundgangs ist bereits in Planung.<\/p>\n<p><img loading=\"lazy\" decoding=\"async\" class=\"size-medium wp-image-7659 alignleft\" src=\"https:\/\/cdu-kempen.de\/wp-content\/uploads\/2018\/09\/IMG_8644-390x245.jpg\" alt=\"\" width=\"390\" height=\"245\" \/><img loading=\"lazy\" decoding=\"async\" class=\"size-medium wp-image-7658 alignleft\" src=\"https:\/\/cdu-kempen.de\/wp-content\/uploads\/2018\/09\/IMG_2885-390x245.jpg\" alt=\"\" width=\"390\" height=\"245\" \/><img loading=\"lazy\" decoding=\"async\" class=\"size-medium wp-image-7657 alignleft\" src=\"https:\/\/cdu-kempen.de\/wp-content\/uploads\/2018\/09\/IMG_2881-390x245.jpg\" alt=\"\" width=\"390\" height=\"245\" \/><img loading=\"lazy\" decoding=\"async\" class=\"size-medium wp-image-7656 alignleft\" src=\"https:\/\/cdu-kempen.de\/wp-content\/uploads\/2018\/09\/IMG_2880-390x245.jpg\" alt=\"\" width=\"390\" height=\"245\" \/><\/p>\n<p>&nbsp;<\/p>\n<p>&nbsp;<\/p>\n","protected":false},"excerpt":{"rendered":"<p>Im Anschluss an die Mitgliederversammlung des CDU-Ortsausschuss St. Hubert\u00a0 fand ein politischer Dorfrundgang statt, zu dem der CDU-Ortsausschuss alle B\u00fcrger\/innen eingeladen hatte. Ziel des Dorfrundgangs war es, mit den St. Huberter B\u00fcrger\/innen ins Gespr\u00e4ch zu kommen, vor Ort Entwicklungen und Potenziale f\u00fcr St. Hubert anzusprechen, Erkl\u00e4rungen seitens der Politik abzugeben, Fragen zu beantworten und Anregungen [&hellip;]<\/p>\n","protected":false},"author":5,"featured_media":7660,"comment_status":"closed","ping_status":"open","sticky":false,"template":"","format":"standard","meta":{"_et_pb_use_builder":"","_et_pb_old_content":"","_et_gb_content_width":"","footnotes":""},"categories":[1],"tags":[],"class_list":["post-7665","post","type-post","status-publish","format-standard","has-post-thumbnail","hentry","category-uncategorized"],"_links":{"self":[{"href":"https:\/\/cdu-kempen.de\/index.php\/wp-json\/wp\/v2\/posts\/7665"}],"collection":[{"href":"https:\/\/cdu-kempen.de\/index.php\/wp-json\/wp\/v2\/posts"}],"about":[{"href":"https:\/\/cdu-kempen.de\/index.php\/wp-json\/wp\/v2\/types\/post"}],"author":[{"embeddable":true,"href":"https:\/\/cdu-kempen.de\/index.php\/wp-json\/wp\/v2\/users\/5"}],"replies":[{"embeddable":true,"href":"https:\/\/cdu-kempen.de\/index.php\/wp-json\/wp\/v2\/comments?post=7665"}],"version-history":[{"count":1,"href":"https:\/\/cdu-kempen.de\/index.php\/wp-json\/wp\/v2\/posts\/7665\/revisions"}],"predecessor-version":[{"id":7666,"href":"https:\/\/cdu-kempen.de\/index.php\/wp-json\/wp\/v2\/posts\/7665\/revisions\/7666"}],"wp:featuredmedia":[{"embeddable":true,"href":"https:\/\/cdu-kempen.de\/index.php\/wp-json\/wp\/v2\/media\/7660"}],"wp:attachment":[{"href":"https:\/\/cdu-kempen.de\/index.php\/wp-json\/wp\/v2\/media?parent=7665"}],"wp:term":[{"taxonomy":"category","embeddable":true,"href":"https:\/\/cdu-kempen.de\/index.php\/wp-json\/wp\/v2\/categories?post=7665"},{"taxonomy":"post_tag","embeddable":true,"href":"https:\/\/cdu-kempen.de\/index.php\/wp-json\/wp\/v2\/tags?post=7665"}],"curies":[{"name":"wp","href":"https:\/\/api.w.org\/{rel}","templated":true}]}}