{"id":7674,"date":"2018-09-28T15:03:01","date_gmt":"2018-09-28T15:03:01","guid":{"rendered":"https:\/\/cdu-kempen.de\/?p=7674"},"modified":"2018-09-28T15:04:34","modified_gmt":"2018-09-28T15:04:34","slug":"infofahrt-nach-koeln","status":"publish","type":"post","link":"https:\/\/cdu-kempen.de\/index.php\/infofahrt-nach-koeln\/","title":{"rendered":"Infofahrt nach K\u00f6ln"},"content":{"rendered":"<p>Die CDU-Fraktion Kempen und Mitglieder aus der Kempener Verwaltungsspitze haben in K\u00f6ln an zwei Stadtf\u00fchrungen \u201eK\u00f6ln unterirdisch\u201c und\u00a0\u201eK\u00f6ln in Anekdoten\u201c teilgenommen. Die verschiedenen Anregungen k\u00f6nnen Ideen f\u00fcr das Stadtmarketing in Kempen sein.<\/p>\n<p><img loading=\"lazy\" decoding=\"async\" class=\"alignnone size-medium wp-image-7679\" src=\"https:\/\/cdu-kempen.de\/wp-content\/uploads\/2018\/09\/DSC00499a-390x245.jpg\" alt=\"\" width=\"390\" height=\"245\" \/><\/p>\n","protected":false},"excerpt":{"rendered":"<p>Die CDU-Fraktion Kempen und Mitglieder aus der Kempener Verwaltungsspitze haben in K\u00f6ln an zwei Stadtf\u00fchrungen \u201eK\u00f6ln unterirdisch\u201c und\u00a0\u201eK\u00f6ln in Anekdoten\u201c teilgenommen. Die verschiedenen Anregungen k\u00f6nnen Ideen f\u00fcr das Stadtmarketing in Kempen sein.<\/p>\n","protected":false},"author":6,"featured_media":7676,"comment_status":"closed","ping_status":"open","sticky":false,"template":"","format":"standard","meta":{"_et_pb_use_builder":"","_et_pb_old_content":"","_et_gb_content_width":"","footnotes":""},"categories":[1],"tags":[],"class_list":["post-7674","post","type-post","status-publish","format-standard","has-post-thumbnail","hentry","category-uncategorized"],"_links":{"self":[{"href":"https:\/\/cdu-kempen.de\/index.php\/wp-json\/wp\/v2\/posts\/7674"}],"collection":[{"href":"https:\/\/cdu-kempen.de\/index.php\/wp-json\/wp\/v2\/posts"}],"about":[{"href":"https:\/\/cdu-kempen.de\/index.php\/wp-json\/wp\/v2\/types\/post"}],"author":[{"embeddable":true,"href":"https:\/\/cdu-kempen.de\/index.php\/wp-json\/wp\/v2\/users\/6"}],"replies":[{"embeddable":true,"href":"https:\/\/cdu-kempen.de\/index.php\/wp-json\/wp\/v2\/comments?post=7674"}],"version-history":[{"count":3,"href":"https:\/\/cdu-kempen.de\/index.php\/wp-json\/wp\/v2\/posts\/7674\/revisions"}],"predecessor-version":[{"id":7680,"href":"https:\/\/cdu-kempen.de\/index.php\/wp-json\/wp\/v2\/posts\/7674\/revisions\/7680"}],"wp:featuredmedia":[{"embeddable":true,"href":"https:\/\/cdu-kempen.de\/index.php\/wp-json\/wp\/v2\/media\/7676"}],"wp:attachment":[{"href":"https:\/\/cdu-kempen.de\/index.php\/wp-json\/wp\/v2\/media?parent=7674"}],"wp:term":[{"taxonomy":"category","embeddable":true,"href":"https:\/\/cdu-kempen.de\/index.php\/wp-json\/wp\/v2\/categories?post=7674"},{"taxonomy":"post_tag","embeddable":true,"href":"https:\/\/cdu-kempen.de\/index.php\/wp-json\/wp\/v2\/tags?post=7674"}],"curies":[{"name":"wp","href":"https:\/\/api.w.org\/{rel}","templated":true}]}}