{"id":7723,"date":"2018-11-10T08:57:00","date_gmt":"2018-11-10T08:57:00","guid":{"rendered":"https:\/\/cdu-kempen.de\/?p=7723"},"modified":"2018-11-10T09:03:08","modified_gmt":"2018-11-10T09:03:08","slug":"christdemokraten-intensivieren-grenzueberschreitende-zusammenarbeit","status":"publish","type":"post","link":"https:\/\/cdu-kempen.de\/index.php\/christdemokraten-intensivieren-grenzueberschreitende-zusammenarbeit\/","title":{"rendered":"Christdemokraten intensivieren grenz\u00fcberschreitende Zusammenarbeit"},"content":{"rendered":"<p><strong>\u201eWir wollen den Kreis endlich rund machen\u201c<\/strong><\/p>\n<p>Die Christdemokraten auf beiden Seiten der Grenze wollen in Zukunft\u00a0verst\u00e4rkt konkrete Themen und Projekte in Kreis und Region angehen.\u00a0Daf\u00fcr haben sie eine klare Idee entwickelt. \u201eWir wollen, dass mitten im\u00a0malerischen Naturpark Maas \u2013 Schwalm \u2013 Nette Menschen gemeinsam \u2013\u00a0und ohne Grenzen in den K\u00f6pfen, an der gemeinsamen Zukunft arbeiten\u201c,\u00a0so resumierte CDU \u2013 Kreisvorsitzender Dr. Marcus Optendrenk. Mit\u00a0seinen Kollegen Jos Teeuwen, Vorsitzender des CDA Venlo und Venlos\u00a0Alt-Wethouder Hanno Lamers hatte er die Vertreter der Christdemokraten\u00a0aus Nordlimburg und dem Kreis Viersen ins Nettetaler Restaurant Secretis\u00a0eingeladen. Gut zwanzig Partei- und Fraktionsvorsitzende sowie\u00a0Wethouder folgten der Einladung, darunter auch der Landtagabgeordnete\u00a0Stefan Berger sowie die Venrayer Wethouderin Anne Thielen.<\/p>\n<p>Vincent Pijnenburg, Vorsitzender des Businessclubs Maas Rhein und\u00a0Dozent an der Fontys Hochschule in Venlo, warb in einem\u00a0Einf\u00fchrungsvortrag daf\u00fcr, die gro\u00dfen Chancen einer solchen\u00a0grenz\u00fcberschreitenden Entwicklung zu erkennen und zu nutzen. Im\u00a0pers\u00f6nlichen Bereich ist es das Kennenlernen untereinander und die\u00a0Erkenntnis, dass die Welt nicht an der Grenze aufh\u00f6rt. \u201eDer Kreis ist rund\u201c,\u00a0so Pijnenburg und warb daf\u00fcr, die durch die alte Grenze immerbestehende \u201eR\u00fccken &#8211; an &#8211; R\u00fccken \u2013 Position\u201c aufzugeben. Die\u00a0Niederlande und Deutschland \u2013 insbesondere NRW \u2013 sind bedeutende\u00a0Handelspartner.<\/p>\n<p>Der Brexit bringt diese L\u00e4nder noch mehr zusammen,\u00a0denn manche britischen oder internationalen Unternehmen suchen neue\u00a0Standorte auf dem Kontinent. Und das h\u00e4ufig bei uns. Gemeinsam k\u00f6nne\u00a0man von den internationalen Entwicklungen profitieren: so endet die \u201eneue\u00a0Seidenstra\u00dfe von China nach Westen in Duisburg, also vor unserer\u00a0Haust\u00fcr. Pijnenburg fand viel Zustimmung f\u00fcr seine Idee einer<br \/>\ngrenz\u00fcberschreitenden Region, die jeweils eigene Vorstellungen zul\u00e4sst\u00a0und sich von unten her \u201ebottom up\u201c durch die Menschen in der\u00a0Grenzregion entwickelt.<\/p>\n<p>Teilnehmer aus Kempen, Niederkr\u00fcchten, Viersen, Schwalmtal,\u00a0T\u00f6nisvorst und Nettetal sowie neben Venlo auch Venray, Horst an de\u00a0Maas und Peel en Maas, wollen Schwung in die Nachbarschaft bringen.\u00a0F\u00fcr den Nettetaler J\u00fcrgen Boyxen braucht Grenz\u00fcberschreitung eine\u00a0emotionale Basis, damit die Bev\u00f6lkerung die Notwendigkeit der\u00a0Zusammenarbeit erkennt.<\/p>\n<p>Dr. Stefan Berger, CDU- Kandidat f\u00fcr die Europawahl 2019, unterst\u00fctzt\u00a0wie sein Kollege Marcus Optendrenk die Idee, das deutsch \u2013\u00a0niederl\u00e4ndische Jugendwerk aus Landesmitteln auszubauen. Dieses\u00a0k\u00f6nnte eingesetzt werden, um vielen ehrenamtlichen Initiativen\u00a0grenz\u00fcberschreitende Kontakte zu erm\u00f6glichen, vom Sport bis zur Kultur,\u00a0von Pfandfindern bis Schulen.\u00a0Das h\u00e4lt auch Hanno Lamers f\u00fcr ganz wichtig.<\/p>\n<p>Gerade die kleinen Ma\u00dfnahmen f\u00fchrten die Menschen zusammen.\u00a0\u201eEs geht nur \u00fcber pers\u00f6nliche Kontakte\u201c, so auch der Kempener Peter\u00a0Fischer, Vorsitzender der CDU-Kreistagsfraktion.<\/p>\n<p>Jungen Leuten die Attraktivit\u00e4t des Grenzraumes zu vermitteln, bedeutet:\u00a0die Sprachen zu erlernen, Klassenfahrten und Begegnungen zu<br \/>\norganisieren und Informationen \u00fcber Studienangebote in den L\u00e4ndern\u00a0zug\u00e4nglich zu machen. Die Viersener CDU mit Sebastian Achten will da<br \/>\nvorangehen.\u00a0Christian Lange aus Nettetal erg\u00e4nzt:\u201eSport und Kultur schaffen den\u00a0schnellsten Anschluss untereinander\u201c.<\/p>\n<p>Um wirtschaftlich miteinander profitieren zu k\u00f6nnen, gilt es Netzwerke zu\u00a0kn\u00fcpfen und Interessen zu b\u00fcndeln.\u00a0Jos Teeuwen wird schon bald zum n\u00e4chsten Treffen einladen, um an\u00a0konkreten Themen zu arbeiten. Sie sollen dann auch in das Programm\u00a0der CDA Limburg f\u00fcr die Provinzwahlen im M\u00e4rz 2019 einflie\u00dfen.<\/p>\n<p><a href=\"https:\/\/cdu-kempen.de\/wp-content\/uploads\/2018\/11\/Pressemitteilung_CDA-Venlo-und-Nordlimburg_CDU-Kreisverband-Viersen.pdf\">Pressemitteilung_CDA Venlo und Nordlimburg_CDU Kreisverband Viersen<\/a><\/p>\n","protected":false},"excerpt":{"rendered":"<p>\u201eWir wollen den Kreis endlich rund machen\u201c Die Christdemokraten auf beiden Seiten der Grenze wollen in Zukunft\u00a0verst\u00e4rkt konkrete Themen und Projekte in Kreis und Region angehen.\u00a0Daf\u00fcr haben sie eine klare Idee entwickelt. \u201eWir wollen, dass mitten im\u00a0malerischen Naturpark Maas \u2013 Schwalm \u2013 Nette Menschen gemeinsam \u2013\u00a0und ohne Grenzen in den K\u00f6pfen, an der gemeinsamen Zukunft [&hellip;]<\/p>\n","protected":false},"author":6,"featured_media":7724,"comment_status":"closed","ping_status":"open","sticky":false,"template":"","format":"standard","meta":{"_et_pb_use_builder":"","_et_pb_old_content":"","_et_gb_content_width":"","footnotes":""},"categories":[1],"tags":[],"class_list":["post-7723","post","type-post","status-publish","format-standard","has-post-thumbnail","hentry","category-uncategorized"],"_links":{"self":[{"href":"https:\/\/cdu-kempen.de\/index.php\/wp-json\/wp\/v2\/posts\/7723"}],"collection":[{"href":"https:\/\/cdu-kempen.de\/index.php\/wp-json\/wp\/v2\/posts"}],"about":[{"href":"https:\/\/cdu-kempen.de\/index.php\/wp-json\/wp\/v2\/types\/post"}],"author":[{"embeddable":true,"href":"https:\/\/cdu-kempen.de\/index.php\/wp-json\/wp\/v2\/users\/6"}],"replies":[{"embeddable":true,"href":"https:\/\/cdu-kempen.de\/index.php\/wp-json\/wp\/v2\/comments?post=7723"}],"version-history":[{"count":4,"href":"https:\/\/cdu-kempen.de\/index.php\/wp-json\/wp\/v2\/posts\/7723\/revisions"}],"predecessor-version":[{"id":7729,"href":"https:\/\/cdu-kempen.de\/index.php\/wp-json\/wp\/v2\/posts\/7723\/revisions\/7729"}],"wp:featuredmedia":[{"embeddable":true,"href":"https:\/\/cdu-kempen.de\/index.php\/wp-json\/wp\/v2\/media\/7724"}],"wp:attachment":[{"href":"https:\/\/cdu-kempen.de\/index.php\/wp-json\/wp\/v2\/media?parent=7723"}],"wp:term":[{"taxonomy":"category","embeddable":true,"href":"https:\/\/cdu-kempen.de\/index.php\/wp-json\/wp\/v2\/categories?post=7723"},{"taxonomy":"post_tag","embeddable":true,"href":"https:\/\/cdu-kempen.de\/index.php\/wp-json\/wp\/v2\/tags?post=7723"}],"curies":[{"name":"wp","href":"https:\/\/api.w.org\/{rel}","templated":true}]}}