{"id":7736,"date":"2018-11-21T15:27:33","date_gmt":"2018-11-21T15:27:33","guid":{"rendered":"https:\/\/cdu-kempen.de\/?p=7736"},"modified":"2018-11-21T15:31:26","modified_gmt":"2018-11-21T15:31:26","slug":"enttaeuschung-und-befremden-der-cdu-fraktion-ueber-die-schliessung-des-werkes-griesson-de-beukelaer-am-kempener-standort","status":"publish","type":"post","link":"https:\/\/cdu-kempen.de\/index.php\/enttaeuschung-und-befremden-der-cdu-fraktion-ueber-die-schliessung-des-werkes-griesson-de-beukelaer-am-kempener-standort\/","title":{"rendered":"Entt\u00e4uschung und Befremden der CDU-Fraktion \u00fcber die Schlie\u00dfung des Werkes Griesson-de Beukelaer am Kempener Standort"},"content":{"rendered":"<p>Offener Brief zur\u00a0Aufgabe des Standortes Kempen an die\u00a0Gesch\u00e4ftsf\u00fchrung von\u00a0Griesson-de Beukelaer.<\/p>\n<p>Die CDU-Fraktion Kempen dr\u00fcckt Entt\u00e4uschung und Befremden \u00fcber die Schlie\u00dfung des Werkes Griesson-de Beukelaer am Kempener Standort aus.<\/p>\n<p>Sehr geehrter Herr Gries,<br \/>\nsehr geehrter Herr Land,<br \/>\nsehr geehrte Damen und Herren der Gesch\u00e4ftsf\u00fchrung,<\/p>\n<p>mit gro\u00dfer Entt\u00e4uschung und Befremden hat die CDU-Fraktion im Rat der Stadt Kempen die Nachricht von der Schlie\u00dfung des Werkes Griesson-de Beukelaer am Kempener Standort zur Kenntnis genommen.<br \/>\nDie Nachricht haben wir aus der Presse erfahren. Sie traf uns und offensichtlich auch die Besch\u00e4ftigten des Werkes v\u00f6llig unerwartet.<br \/>\nWir bedauern diese Entscheidung umso mehr, als das das seit 1955 in Kempen ans\u00e4ssige Unternehmen wie kaum ein anderes sehr stark mit Kempen verwurzelt ist. Dies belegt das seit Jahren gewachsene starke Engagement Ihres Unternehmens in mehreren Kempener Vereinen und Verb\u00e4nden wie auch die enge Verbundenheit der Kempener B\u00fcrgerschaft zu Ihrem Unternehmen und den Produkten.<br \/>\nEinige der 270 Mitarbeiter arbeiten bereits in der 2. Generation im Kempener Werk.<\/p>\n<p>In Ihrem Internetauftritt bezeichnen Sie die \u201egelebte Verantwortung\u201c als tragende S\u00e4ule Ihrer unternehmerischen Philosophie und betonen ausdr\u00fccklich Ihre Verantwortung u.a. gegen\u00fcber Mitarbeitern, Kollegen und Nachbarn. Ebenso unterstreichen Sie an gleicher Stelle die feste Verwurzelung an den Standorten, Ihre Verantwortung f\u00fcr das Arbeitsumfeld und die Wichtigkeit der Zusammenarbeit mit den Gemeinden an den jeweiligen Standorten.<\/p>\n<p>Die vorstehenden Eckpunkte Ihrer unternehmerischen Philosophie, die wir -und nach unserer Kenntnis auch die Besch\u00e4ftigten am Kempener Standort- gesch\u00e4tzt und begr\u00fc\u00dft haben, finden in der getroffenen Entscheidung zur Standortverlegung offensichtlich keine Beachtung mehr.<br \/>\nWir bedauern, dass die Besch\u00e4ftigten Ihres Unternehmens nicht in die Standort\u00fcberlegungen einbezogen wurden, sondern von der getroffenen Entscheidung wenige Wochen vor Weihnachten \u00fcberrascht und damit vor vollendete Tatsachen gestellt wurden.<br \/>\nDie CDU Kempen f\u00fchlt sich mit der Mitarbeiterschaft solidarisch.<\/p>\n<p>Wir bedauern, dass ebenso wenig Politik und Verwaltung der Stadt Kempen fr\u00fchzeitig in-formiert worden sind.\u00a0So blieben Chancen, die zu einer Standortsicherung h\u00e4tten f\u00fchren k\u00f6nnen, ungenutzt.\u00a0Die \u00fcber die Medien ver\u00f6ffentlichten Gr\u00fcnde einer Standortverlegung sind nicht nachvollziehbar und l\u00f6sen unseres Erachtens erst recht keine Zw\u00e4nge aus.<\/p>\n<p>Den Hinweis auf fehlende Expansionsm\u00f6glichkeiten am Kempener Standort weisen wir zur\u00fcck, da am jetzigen Standort durchaus Fl\u00e4chen vorhanden sind, die f\u00fcr eine Erweiterung h\u00e4tten genutzt werden k\u00f6nnen.\u00a0Wir sind davon \u00fcberzeugt, dass L\u00f6sungen h\u00e4tten gefunden werden k\u00f6nnen.<\/p>\n<p>Die CDU-Fraktion appelliert daher an Sie und alle in der Unternehmensleitung Verantwortlichen, die \u201egelebte Verantwortung\u201c Ihrer unternehmerischen Philosophie ernst zu nehmen, die Entscheidung zu \u00fcberdenken und gemeinsam mit der Belegschaft und ihren Gremien sowie mit Politik und Verwaltung der Stadt Kempen nach L\u00f6sungen zu suchen, die den Standort Kempen und damit die Arbeitspl\u00e4tze der 270 Besch\u00e4ftigten sichern.<\/p>\n<p>Wir bitten um Verst\u00e4ndnis, dass wir diesen Brief im Hinblick auf die \u00f6ffentlich gef\u00fchrte Diskussion auch an die lokale Presse weiterleiten.<br \/>\nMit freundlichen Gr\u00fc\u00dfen<br \/>\nWilfried Bogedain<br \/>\nFraktionsvorsitzender<\/p>\n<p>&nbsp;<\/p>\n<p><a href=\"https:\/\/cdu-kempen.de\/wp-content\/uploads\/2018\/11\/Offener-Brief-zur-Standortaufgabe-Griesson-de-Beukelaer.pdf\">Offener Brief zur Standortaufgabe Griesson de Beukelaer<\/a><\/p>\n","protected":false},"excerpt":{"rendered":"<p>Offener Brief zur\u00a0Aufgabe des Standortes Kempen an die\u00a0Gesch\u00e4ftsf\u00fchrung von\u00a0Griesson-de Beukelaer. Die CDU-Fraktion Kempen dr\u00fcckt Entt\u00e4uschung und Befremden \u00fcber die Schlie\u00dfung des Werkes Griesson-de Beukelaer am Kempener Standort aus. Sehr geehrter Herr Gries, sehr geehrter Herr Land, sehr geehrte Damen und Herren der Gesch\u00e4ftsf\u00fchrung, mit gro\u00dfer Entt\u00e4uschung und Befremden hat die CDU-Fraktion im Rat der Stadt [&hellip;]<\/p>\n","protected":false},"author":6,"featured_media":7738,"comment_status":"closed","ping_status":"open","sticky":false,"template":"","format":"standard","meta":{"_et_pb_use_builder":"","_et_pb_old_content":"","_et_gb_content_width":"","footnotes":""},"categories":[1],"tags":[],"class_list":["post-7736","post","type-post","status-publish","format-standard","has-post-thumbnail","hentry","category-uncategorized"],"_links":{"self":[{"href":"https:\/\/cdu-kempen.de\/index.php\/wp-json\/wp\/v2\/posts\/7736"}],"collection":[{"href":"https:\/\/cdu-kempen.de\/index.php\/wp-json\/wp\/v2\/posts"}],"about":[{"href":"https:\/\/cdu-kempen.de\/index.php\/wp-json\/wp\/v2\/types\/post"}],"author":[{"embeddable":true,"href":"https:\/\/cdu-kempen.de\/index.php\/wp-json\/wp\/v2\/users\/6"}],"replies":[{"embeddable":true,"href":"https:\/\/cdu-kempen.de\/index.php\/wp-json\/wp\/v2\/comments?post=7736"}],"version-history":[{"count":5,"href":"https:\/\/cdu-kempen.de\/index.php\/wp-json\/wp\/v2\/posts\/7736\/revisions"}],"predecessor-version":[{"id":7743,"href":"https:\/\/cdu-kempen.de\/index.php\/wp-json\/wp\/v2\/posts\/7736\/revisions\/7743"}],"wp:featuredmedia":[{"embeddable":true,"href":"https:\/\/cdu-kempen.de\/index.php\/wp-json\/wp\/v2\/media\/7738"}],"wp:attachment":[{"href":"https:\/\/cdu-kempen.de\/index.php\/wp-json\/wp\/v2\/media?parent=7736"}],"wp:term":[{"taxonomy":"category","embeddable":true,"href":"https:\/\/cdu-kempen.de\/index.php\/wp-json\/wp\/v2\/categories?post=7736"},{"taxonomy":"post_tag","embeddable":true,"href":"https:\/\/cdu-kempen.de\/index.php\/wp-json\/wp\/v2\/tags?post=7736"}],"curies":[{"name":"wp","href":"https:\/\/api.w.org\/{rel}","templated":true}]}}