{"id":7978,"date":"2019-04-02T13:59:18","date_gmt":"2019-04-02T13:59:18","guid":{"rendered":"https:\/\/cdu-kempen.de\/?p=7978"},"modified":"2019-04-02T13:59:18","modified_gmt":"2019-04-02T13:59:18","slug":"ihre-meinung-zur-zukunft-der-gebaeude-der-johannes-hubertus-schule","status":"publish","type":"post","link":"https:\/\/cdu-kempen.de\/index.php\/ihre-meinung-zur-zukunft-der-gebaeude-der-johannes-hubertus-schule\/","title":{"rendered":"Ihre Meinung zur &#8222;Zukunft der Geb\u00e4ude der Johannes-Hubertus-Schule&#8220;?"},"content":{"rendered":"<p>Der CDU-Ortsausschuss St. Hubert l\u00e4dt am Samstag, 06.04.2019, in der Zeit von 10.00 \u2013 11.00 Uhr zu einem Infostand mit dem Thema \u201eZukunft der Geb\u00e4ude der Johannes-Hubertus-Schule &#8211; Ihre Meinung?\u201c vor die Johannes-Hubertus-Schule ein. Vor Ort m\u00f6chte der CDU-Ortsausschuss St. Hubert die Gelegenheit nutzen, um mit den St. Huberter B\u00fcrgerinnen und B\u00fcrger und allen Interessierten \u00fcber die Thematik zu sprechen.<\/p>\n<p>Der Rat der Stadt Kempen hat in seiner letzten Sitzung mehrheitlich beschlossen, dass die Stadtverwaltung die Nutzung des Gesamtkomplexes der ehemaligen Johannes-Hubertus-Schule perspektivisch entwickeln soll. Der CDU ist es bei der Nutzungsentwicklung wichtig, dass die in den ehemaligen Geb\u00e4uden der Johannes-Hubertus-Schule aktiven Institutionen, Vereine, Ehren\u00e4mtler sowie B\u00fcrgerinnen und B\u00fcrger weiterhin ihre Aktivit\u00e4ten durchf\u00fchren sowie bei Bedarf intensivieren bzw. erweitern k\u00f6nnen und bei der Nutzungsgestaltung mit einbezogen werden. F\u00fcr die perspektivische Entwicklung des Gesamtkomplexes der ehemaligen Johannes-Hubertus-Schule m\u00f6chten wir daher eine intensive Einbeziehung der jetzigen Nutzer und St. Huberter B\u00fcrgerinnen und B\u00fcrger um eine zuk\u00fcnftige sinnvolle und nachhaltige Nutzung der Geb\u00e4ude erreichen. Auf unserem politischen Dorfrundgang im letzten Jahr konnten wir vor Ort mit Ihnen bereits einige Ideen austauschen. Diesen Austausch m\u00f6chten wir gerne intensivieren.<\/p>\n<p>Gerne k\u00f6nnen Sie uns Ihre Meinung auch per E-Mail \u00fcbersenden. Schicken Sie uns dazu einfach eine E-Mail an <a href=\"#\" data-email-protect-click=\"ogkpwpiBefw\/mgorgp0fg\"><span data-email-protect=\"ogkpwpiBefw\/mgorgp0fg\"><\/span><\/a><\/p>\n","protected":false},"excerpt":{"rendered":"<p>Der CDU-Ortsausschuss St. Hubert l\u00e4dt am Samstag, 06.04.2019, in der Zeit von 10.00 \u2013 11.00 Uhr zu einem Infostand mit dem Thema \u201eZukunft der Geb\u00e4ude der Johannes-Hubertus-Schule &#8211; Ihre Meinung?\u201c vor die Johannes-Hubertus-Schule ein. Vor Ort m\u00f6chte der CDU-Ortsausschuss St. Hubert die Gelegenheit nutzen, um mit den St. Huberter B\u00fcrgerinnen und B\u00fcrger und allen Interessierten [&hellip;]<\/p>\n","protected":false},"author":6,"featured_media":7933,"comment_status":"closed","ping_status":"open","sticky":false,"template":"","format":"standard","meta":{"_et_pb_use_builder":"","_et_pb_old_content":"","_et_gb_content_width":"","footnotes":""},"categories":[1],"tags":[],"class_list":["post-7978","post","type-post","status-publish","format-standard","has-post-thumbnail","hentry","category-uncategorized"],"_links":{"self":[{"href":"https:\/\/cdu-kempen.de\/index.php\/wp-json\/wp\/v2\/posts\/7978"}],"collection":[{"href":"https:\/\/cdu-kempen.de\/index.php\/wp-json\/wp\/v2\/posts"}],"about":[{"href":"https:\/\/cdu-kempen.de\/index.php\/wp-json\/wp\/v2\/types\/post"}],"author":[{"embeddable":true,"href":"https:\/\/cdu-kempen.de\/index.php\/wp-json\/wp\/v2\/users\/6"}],"replies":[{"embeddable":true,"href":"https:\/\/cdu-kempen.de\/index.php\/wp-json\/wp\/v2\/comments?post=7978"}],"version-history":[{"count":1,"href":"https:\/\/cdu-kempen.de\/index.php\/wp-json\/wp\/v2\/posts\/7978\/revisions"}],"predecessor-version":[{"id":7979,"href":"https:\/\/cdu-kempen.de\/index.php\/wp-json\/wp\/v2\/posts\/7978\/revisions\/7979"}],"wp:featuredmedia":[{"embeddable":true,"href":"https:\/\/cdu-kempen.de\/index.php\/wp-json\/wp\/v2\/media\/7933"}],"wp:attachment":[{"href":"https:\/\/cdu-kempen.de\/index.php\/wp-json\/wp\/v2\/media?parent=7978"}],"wp:term":[{"taxonomy":"category","embeddable":true,"href":"https:\/\/cdu-kempen.de\/index.php\/wp-json\/wp\/v2\/categories?post=7978"},{"taxonomy":"post_tag","embeddable":true,"href":"https:\/\/cdu-kempen.de\/index.php\/wp-json\/wp\/v2\/tags?post=7978"}],"curies":[{"name":"wp","href":"https:\/\/api.w.org\/{rel}","templated":true}]}}