{"id":8001,"date":"2019-04-14T07:46:13","date_gmt":"2019-04-14T07:46:13","guid":{"rendered":"https:\/\/cdu-kempen.de\/?p=8001"},"modified":"2019-04-15T17:04:07","modified_gmt":"2019-04-15T17:04:07","slug":"die-cdu-kempen-besucht-das-unternehmen-hefe-van-haag","status":"publish","type":"post","link":"https:\/\/cdu-kempen.de\/index.php\/die-cdu-kempen-besucht-das-unternehmen-hefe-van-haag\/","title":{"rendered":"Die CDU Kempen besucht das Unternehmen Hefe van Haag"},"content":{"rendered":"<p>Im Herbst 2018 ist die Firma Hefe van Haag\u00a0\u00a0in die neue Firmenzentrale nach Kempen umgezogen. Die CDU Kempen hat das Unternehmen besucht.<\/p>\n<p>Bei einer interessanten F\u00fchrung durch die Firma haben die Gesch\u00e4ftsf\u00fchrer\u00a0Dr. Klaus van Haag,\u00a0Hans-Gerd van Haag und\u00a0Michael van Haag\u00a0 die Besucher \u00fcber die Historie des Unternehmens. Die Urspr\u00fcnge gehen zur\u00fcck auf Johann van Haag, B\u00e4ckermeister und Hefeh\u00e4ndler aus Uedem am Niederrhein. B\u00e4ckereien, Eisdielen und Pizzerien k\u00f6nnen bei Hefe van Haag von der Hefe \u00fcber Mehl und Butter bis hin zu zum Kaffee ca. 10.000 Produkte bestellen.\u00a0Am Kempener Standort arbeiten 170 Mitarbeiter. Weiter Standorte gibt es in K\u00f6ln und Neuwied.<\/p>\n<p>Die CDU Kempen freut sich, dass das beeindruckende Unternehmen im Kempener Gewerbegebiet seinen Platz f\u00fcr die weitere Expansion gefunden hat.<\/p>\n<p><img loading=\"lazy\" decoding=\"async\" class=\"alignnone size-medium wp-image-8003\" src=\"https:\/\/cdu-kempen.de\/wp-content\/uploads\/2019\/04\/DSCF1153_F-390x245.jpg\" alt=\"\" width=\"390\" height=\"245\" \/><\/p>\n<p><img loading=\"lazy\" decoding=\"async\" class=\"alignnone size-medium wp-image-8004\" src=\"https:\/\/cdu-kempen.de\/wp-content\/uploads\/2019\/04\/DSCF1154_F-390x245.jpg\" alt=\"\" width=\"390\" height=\"245\" \/><\/p>\n<p><img loading=\"lazy\" decoding=\"async\" class=\"alignnone size-medium wp-image-8005\" src=\"https:\/\/cdu-kempen.de\/wp-content\/uploads\/2019\/04\/DSCF1182_F-390x245.jpg\" alt=\"\" width=\"390\" height=\"245\" \/><\/p>\n","protected":false},"excerpt":{"rendered":"<p>Im Herbst 2018 ist die Firma Hefe van Haag\u00a0\u00a0in die neue Firmenzentrale nach Kempen umgezogen. Die CDU Kempen hat das Unternehmen besucht. Bei einer interessanten F\u00fchrung durch die Firma haben die Gesch\u00e4ftsf\u00fchrer\u00a0Dr. Klaus van Haag,\u00a0Hans-Gerd van Haag und\u00a0Michael van Haag\u00a0 die Besucher \u00fcber die Historie des Unternehmens. Die Urspr\u00fcnge gehen zur\u00fcck auf Johann van Haag, [&hellip;]<\/p>\n","protected":false},"author":6,"featured_media":8006,"comment_status":"closed","ping_status":"open","sticky":false,"template":"","format":"standard","meta":{"_et_pb_use_builder":"","_et_pb_old_content":"","_et_gb_content_width":"","footnotes":""},"categories":[1],"tags":[],"class_list":["post-8001","post","type-post","status-publish","format-standard","has-post-thumbnail","hentry","category-uncategorized"],"_links":{"self":[{"href":"https:\/\/cdu-kempen.de\/index.php\/wp-json\/wp\/v2\/posts\/8001"}],"collection":[{"href":"https:\/\/cdu-kempen.de\/index.php\/wp-json\/wp\/v2\/posts"}],"about":[{"href":"https:\/\/cdu-kempen.de\/index.php\/wp-json\/wp\/v2\/types\/post"}],"author":[{"embeddable":true,"href":"https:\/\/cdu-kempen.de\/index.php\/wp-json\/wp\/v2\/users\/6"}],"replies":[{"embeddable":true,"href":"https:\/\/cdu-kempen.de\/index.php\/wp-json\/wp\/v2\/comments?post=8001"}],"version-history":[{"count":3,"href":"https:\/\/cdu-kempen.de\/index.php\/wp-json\/wp\/v2\/posts\/8001\/revisions"}],"predecessor-version":[{"id":8009,"href":"https:\/\/cdu-kempen.de\/index.php\/wp-json\/wp\/v2\/posts\/8001\/revisions\/8009"}],"wp:featuredmedia":[{"embeddable":true,"href":"https:\/\/cdu-kempen.de\/index.php\/wp-json\/wp\/v2\/media\/8006"}],"wp:attachment":[{"href":"https:\/\/cdu-kempen.de\/index.php\/wp-json\/wp\/v2\/media?parent=8001"}],"wp:term":[{"taxonomy":"category","embeddable":true,"href":"https:\/\/cdu-kempen.de\/index.php\/wp-json\/wp\/v2\/categories?post=8001"},{"taxonomy":"post_tag","embeddable":true,"href":"https:\/\/cdu-kempen.de\/index.php\/wp-json\/wp\/v2\/tags?post=8001"}],"curies":[{"name":"wp","href":"https:\/\/api.w.org\/{rel}","templated":true}]}}