{"id":8030,"date":"2019-05-21T19:55:30","date_gmt":"2019-05-21T19:55:30","guid":{"rendered":"https:\/\/cdu-kempen.de\/?p=8030"},"modified":"2019-05-21T19:56:52","modified_gmt":"2019-05-21T19:56:52","slug":"cdu-kempen-planungen-bezueglich-einer-kreisstrasse-im-kempener-westen-gehoeren-jetzt-auf-die-agenda","status":"publish","type":"post","link":"https:\/\/cdu-kempen.de\/index.php\/cdu-kempen-planungen-bezueglich-einer-kreisstrasse-im-kempener-westen-gehoeren-jetzt-auf-die-agenda\/","title":{"rendered":"CDU Kempen: Planungen bez\u00fcglich einer Kreisstra\u00dfe im Kempener Westen geh\u00f6ren jetzt auf die Agenda!"},"content":{"rendered":"<p>Bereits Anfang des Jahres hatte sich Philipp Kraft, Vorsitzender des CDU-Stadtverbandes Kempen, \u00f6ffentlich daf\u00fcr ausgesprochen, bei den anstehenden Planungen f\u00fcr die weitere Entwicklung des Kempener Westens ganzheitlich und nicht nur in Erschlie\u00dfungsabschnitten zu denken \u2013 insbesondere mit dem Hinweis auf die Verkehrsf\u00fchrung. Hier gehe es schlie\u00dflich nicht nur um den innerst\u00e4dtischen, sondern auch zunehmenden \u00fcber\u00f6rtlich verursachten Durchgangsverkehr auf der Achse Berliner Allee &#8211; Birkenallee &#8211; Oedter Stra\u00dfe.<\/p>\n<p>\u201eDieses Thema ist also nicht nur f\u00fcr die Stadt Kempen, sondern auch den Kreis Viersen relevant,\u201c erkl\u00e4rt Kraft. \u201eMit unserem Landrat Dr. Andreas Coenen habe ich unsere Einsch\u00e4tzung zwischenzeitlich auch vor dem Hintergrund des vorliegenden Verkehrsgutachten besprochen. Ergebnis: Eine Verbindung zwischen der L 361 und B 509 (Kempener Au\u00dfenring\/Straelener Stra\u00dfe und Ziegelheider Stra\u00dfe) erf\u00fcllt eine \u00fcber\u00f6rtliche Funktion. Bei dieser L\u00f6sung ist ernsthaft \u00fcber den Bau als Kreisstra\u00dfe zu diskutieren.\u201c<\/p>\n<p>Damit ist f\u00fcr die CDU Kempen klar: Planungen bez\u00fcglich einer Kreisstra\u00dfe im Kempener Westen geh\u00f6ren jetzt auf die Agenda der Stadtverwaltung Kempen und der Kreisverwaltung in Viersen! \u201eWir sind davon \u00fcberzeugt, dass wir jetzt die richtigen Weichen stellen m\u00fcssen, damit wir die bestm\u00f6gliche L\u00f6sung f\u00fcr unsere derzeitigen und k\u00fcnftigen B\u00fcrger und B\u00fcrgerinnen im Kempener Westen realisieren k\u00f6nnen,\u201c betont Kraft.<\/p>\n","protected":false},"excerpt":{"rendered":"<p>Bereits Anfang des Jahres hatte sich Philipp Kraft, Vorsitzender des CDU-Stadtverbandes Kempen, \u00f6ffentlich daf\u00fcr ausgesprochen, bei den anstehenden Planungen f\u00fcr die weitere Entwicklung des Kempener Westens ganzheitlich und nicht nur in Erschlie\u00dfungsabschnitten zu denken \u2013 insbesondere mit dem Hinweis auf die Verkehrsf\u00fchrung. Hier gehe es schlie\u00dflich nicht nur um den innerst\u00e4dtischen, sondern auch zunehmenden \u00fcber\u00f6rtlich [&hellip;]<\/p>\n","protected":false},"author":6,"featured_media":8034,"comment_status":"closed","ping_status":"open","sticky":false,"template":"","format":"standard","meta":{"_et_pb_use_builder":"","_et_pb_old_content":"","_et_gb_content_width":"","footnotes":""},"categories":[1],"tags":[],"class_list":["post-8030","post","type-post","status-publish","format-standard","has-post-thumbnail","hentry","category-uncategorized"],"_links":{"self":[{"href":"https:\/\/cdu-kempen.de\/index.php\/wp-json\/wp\/v2\/posts\/8030"}],"collection":[{"href":"https:\/\/cdu-kempen.de\/index.php\/wp-json\/wp\/v2\/posts"}],"about":[{"href":"https:\/\/cdu-kempen.de\/index.php\/wp-json\/wp\/v2\/types\/post"}],"author":[{"embeddable":true,"href":"https:\/\/cdu-kempen.de\/index.php\/wp-json\/wp\/v2\/users\/6"}],"replies":[{"embeddable":true,"href":"https:\/\/cdu-kempen.de\/index.php\/wp-json\/wp\/v2\/comments?post=8030"}],"version-history":[{"count":1,"href":"https:\/\/cdu-kempen.de\/index.php\/wp-json\/wp\/v2\/posts\/8030\/revisions"}],"predecessor-version":[{"id":8033,"href":"https:\/\/cdu-kempen.de\/index.php\/wp-json\/wp\/v2\/posts\/8030\/revisions\/8033"}],"wp:featuredmedia":[{"embeddable":true,"href":"https:\/\/cdu-kempen.de\/index.php\/wp-json\/wp\/v2\/media\/8034"}],"wp:attachment":[{"href":"https:\/\/cdu-kempen.de\/index.php\/wp-json\/wp\/v2\/media?parent=8030"}],"wp:term":[{"taxonomy":"category","embeddable":true,"href":"https:\/\/cdu-kempen.de\/index.php\/wp-json\/wp\/v2\/categories?post=8030"},{"taxonomy":"post_tag","embeddable":true,"href":"https:\/\/cdu-kempen.de\/index.php\/wp-json\/wp\/v2\/tags?post=8030"}],"curies":[{"name":"wp","href":"https:\/\/api.w.org\/{rel}","templated":true}]}}