{"id":8054,"date":"2019-05-25T14:37:30","date_gmt":"2019-05-25T14:37:30","guid":{"rendered":"https:\/\/cdu-kempen.de\/?p=8054"},"modified":"2019-05-25T22:47:45","modified_gmt":"2019-05-25T22:47:45","slug":"josef-lamozik-abschied-aus-dem-rat-der-stadt-kempen","status":"publish","type":"post","link":"https:\/\/cdu-kempen.de\/index.php\/josef-lamozik-abschied-aus-dem-rat-der-stadt-kempen\/","title":{"rendered":"Josef Lamozik &#8211; Abschied aus dem Rat der Stadt Kempen"},"content":{"rendered":"<p>Verantwortung f\u00fcr den eigenen Ort \u00fcbernehmen &#8211; das ist das Motto von Josef Lamozik f\u00fcr seine kommunalpolitische Arbeit gewesen.<\/p>\n<p>Begonnen hat die Arbeit von Josef Lamozik 1979 als Sachkundiger B\u00fcrger f\u00fcr die CDU-Fraktion. Am 05.08.1982 wurde er Nachfolger von Frau Gisela Doorn als Ratsherr im Stadtrat der Stadt Kempen.<\/p>\n<p>Von 1984 bis heute war Josef Lamozik Mitglied im Schulausschuss, dessen Vorsitzender er \u00fcber 30 Jahre bis 2014 gewesen ist.\u00a0 Neben vielen anderen Aussch\u00fcssen war er zuletzt u.a. im 2014 gegr\u00fcndeten Denkmalausschuss t\u00e4tig. Zeitgleich wurde er Vorsitzender des Denkmalausschusses.<\/p>\n<p>Als Fotograf engagiert er sich im Projekt &#8222;Fotoarchiv&#8220; der Freiwilligenagentur, den &#8222;Bildscheskiekern&#8220;.<\/p>\n<p>37 Jahre hat Josef Lamozik sich engagiert im Rat um die Belange der Stadt Kempen gek\u00fcmmert. In der Ratssitzung am 23.05.2019 wurde er auf eigenen Wunsch im Rat verabschiedet. Sein Nachfolger wird Sebastian van Thiel.<\/p>\n<p>Die CDU-Fraktion bedankt sich ganz herzlich bei Josef Lamozik f\u00fcr seine erfolgreich geleistete Arbeit und w\u00fcnscht ihm alles Gute.<\/p>\n<p>&nbsp;<\/p>\n<p>&nbsp;<\/p>\n","protected":false},"excerpt":{"rendered":"<p>Verantwortung f\u00fcr den eigenen Ort \u00fcbernehmen &#8211; das ist das Motto von Josef Lamozik f\u00fcr seine kommunalpolitische Arbeit gewesen. Begonnen hat die Arbeit von Josef Lamozik 1979 als Sachkundiger B\u00fcrger f\u00fcr die CDU-Fraktion. Am 05.08.1982 wurde er Nachfolger von Frau Gisela Doorn als Ratsherr im Stadtrat der Stadt Kempen. Von 1984 bis heute war Josef [&hellip;]<\/p>\n","protected":false},"author":6,"featured_media":8057,"comment_status":"closed","ping_status":"open","sticky":false,"template":"","format":"standard","meta":{"_et_pb_use_builder":"","_et_pb_old_content":"","_et_gb_content_width":"","footnotes":""},"categories":[1],"tags":[],"class_list":["post-8054","post","type-post","status-publish","format-standard","has-post-thumbnail","hentry","category-uncategorized"],"_links":{"self":[{"href":"https:\/\/cdu-kempen.de\/index.php\/wp-json\/wp\/v2\/posts\/8054"}],"collection":[{"href":"https:\/\/cdu-kempen.de\/index.php\/wp-json\/wp\/v2\/posts"}],"about":[{"href":"https:\/\/cdu-kempen.de\/index.php\/wp-json\/wp\/v2\/types\/post"}],"author":[{"embeddable":true,"href":"https:\/\/cdu-kempen.de\/index.php\/wp-json\/wp\/v2\/users\/6"}],"replies":[{"embeddable":true,"href":"https:\/\/cdu-kempen.de\/index.php\/wp-json\/wp\/v2\/comments?post=8054"}],"version-history":[{"count":2,"href":"https:\/\/cdu-kempen.de\/index.php\/wp-json\/wp\/v2\/posts\/8054\/revisions"}],"predecessor-version":[{"id":8062,"href":"https:\/\/cdu-kempen.de\/index.php\/wp-json\/wp\/v2\/posts\/8054\/revisions\/8062"}],"wp:featuredmedia":[{"embeddable":true,"href":"https:\/\/cdu-kempen.de\/index.php\/wp-json\/wp\/v2\/media\/8057"}],"wp:attachment":[{"href":"https:\/\/cdu-kempen.de\/index.php\/wp-json\/wp\/v2\/media?parent=8054"}],"wp:term":[{"taxonomy":"category","embeddable":true,"href":"https:\/\/cdu-kempen.de\/index.php\/wp-json\/wp\/v2\/categories?post=8054"},{"taxonomy":"post_tag","embeddable":true,"href":"https:\/\/cdu-kempen.de\/index.php\/wp-json\/wp\/v2\/tags?post=8054"}],"curies":[{"name":"wp","href":"https:\/\/api.w.org\/{rel}","templated":true}]}}