{"id":8070,"date":"2019-06-14T10:32:47","date_gmt":"2019-06-14T10:32:47","guid":{"rendered":"https:\/\/cdu-kempen.de\/?p=8070"},"modified":"2019-06-14T10:33:42","modified_gmt":"2019-06-14T10:33:42","slug":"presseinformation-zur-schulentwicklungsplanung-der-grundschulen","status":"publish","type":"post","link":"https:\/\/cdu-kempen.de\/index.php\/presseinformation-zur-schulentwicklungsplanung-der-grundschulen\/","title":{"rendered":"Presseinformation zur Schulentwicklungsplanung der Grundschulen und zur OGS-Betreuung"},"content":{"rendered":"<p>CDU will Grundschulplanung mit externem B\u00fcro<\/p>\n<p>Die CDU-Fraktion bedauert, dass die von ihr am 14.12.2018 beantragte Fortschreibung der Schulentwicklungsplanung f\u00fcr die Grundschulen noch nicht zur n\u00e4chsten Sitzung des Schulausschusses am 17.06.2019 vorgelegt wird.<\/p>\n<p>Auch wenn die in der hohen Belastung im Rahmen der Entwicklung des Schulcampus begr\u00fcndete Verz\u00f6gerung nachvollziehbar und verst\u00e4ndlich ist, \u00e4ndert dies nichts an der Dringlichkeit der Planungs-Fortschreibung f\u00fcr den Grundschulbereich.<\/p>\n<p>Es muss alles getan werden, um rechtzeitig Ma\u00dfnahmen zur Sicherung des Raumbedarfs an den Grundschulen, insbesondere f\u00fcr die OGS-Betreuung entwickeln zu k\u00f6nnen.<\/p>\n<p>Die CDU geht von einer sp\u00fcrbar weiter wachsenden Nachfrage an Betreuungspl\u00e4tzen bei den Grundschulen aus. Schon heute ist eine Bedarfsdeckung kaum oder nur in sehr beengten Raumverh\u00e4ltnissen zu erreichen.<\/p>\n<p>Wir halten an dem Ziel fest, bedarfsdeckende Betreuungspl\u00e4tze an den Grundschulen auch bei steigender Nachfrage dauerhaft zu sichern.<\/p>\n<p>Die CDU regt daher an, bereits sehr fr\u00fchzeitig ein externes Planungsb\u00fcro mit der im Rahmen der Fortschreibung des Schulentwicklungsplans verbundene Erarbeitung eines Raumprogramms zu beauftragen, zumal mit dem f\u00fcr die Raumplanung der weiterf\u00fchrenden Schulen beauftragten Planungsb\u00fcros offensichtlich sehr gute Erfahrungen gemacht wurden. Es bietet sich daher an, dieses B\u00fcro zeitnah auch f\u00fcr den Grundschulbereich zu beauftragen, um keine wertvolle Zeit f\u00fcr die Entwicklung eines konkreten Raumkonzeptes zu verlieren.<\/p>\n","protected":false},"excerpt":{"rendered":"<p>CDU will Grundschulplanung mit externem B\u00fcro Die CDU-Fraktion bedauert, dass die von ihr am 14.12.2018 beantragte Fortschreibung der Schulentwicklungsplanung f\u00fcr die Grundschulen noch nicht zur n\u00e4chsten Sitzung des Schulausschusses am 17.06.2019 vorgelegt wird. Auch wenn die in der hohen Belastung im Rahmen der Entwicklung des Schulcampus begr\u00fcndete Verz\u00f6gerung nachvollziehbar und verst\u00e4ndlich ist, \u00e4ndert dies nichts [&hellip;]<\/p>\n","protected":false},"author":6,"featured_media":8072,"comment_status":"closed","ping_status":"open","sticky":false,"template":"","format":"standard","meta":{"_et_pb_use_builder":"","_et_pb_old_content":"","_et_gb_content_width":"","footnotes":""},"categories":[1],"tags":[],"class_list":["post-8070","post","type-post","status-publish","format-standard","has-post-thumbnail","hentry","category-uncategorized"],"_links":{"self":[{"href":"https:\/\/cdu-kempen.de\/index.php\/wp-json\/wp\/v2\/posts\/8070"}],"collection":[{"href":"https:\/\/cdu-kempen.de\/index.php\/wp-json\/wp\/v2\/posts"}],"about":[{"href":"https:\/\/cdu-kempen.de\/index.php\/wp-json\/wp\/v2\/types\/post"}],"author":[{"embeddable":true,"href":"https:\/\/cdu-kempen.de\/index.php\/wp-json\/wp\/v2\/users\/6"}],"replies":[{"embeddable":true,"href":"https:\/\/cdu-kempen.de\/index.php\/wp-json\/wp\/v2\/comments?post=8070"}],"version-history":[{"count":2,"href":"https:\/\/cdu-kempen.de\/index.php\/wp-json\/wp\/v2\/posts\/8070\/revisions"}],"predecessor-version":[{"id":8074,"href":"https:\/\/cdu-kempen.de\/index.php\/wp-json\/wp\/v2\/posts\/8070\/revisions\/8074"}],"wp:featuredmedia":[{"embeddable":true,"href":"https:\/\/cdu-kempen.de\/index.php\/wp-json\/wp\/v2\/media\/8072"}],"wp:attachment":[{"href":"https:\/\/cdu-kempen.de\/index.php\/wp-json\/wp\/v2\/media?parent=8070"}],"wp:term":[{"taxonomy":"category","embeddable":true,"href":"https:\/\/cdu-kempen.de\/index.php\/wp-json\/wp\/v2\/categories?post=8070"},{"taxonomy":"post_tag","embeddable":true,"href":"https:\/\/cdu-kempen.de\/index.php\/wp-json\/wp\/v2\/tags?post=8070"}],"curies":[{"name":"wp","href":"https:\/\/api.w.org\/{rel}","templated":true}]}}