{"id":8085,"date":"2019-06-21T11:07:28","date_gmt":"2019-06-21T11:07:28","guid":{"rendered":"https:\/\/cdu-kempen.de\/?p=8085"},"modified":"2019-06-21T11:07:28","modified_gmt":"2019-06-21T11:07:28","slug":"cdu-fraktion-stellt-einen-antrag-fuer-ein-nachpflanzungskonzept","status":"publish","type":"post","link":"https:\/\/cdu-kempen.de\/index.php\/cdu-fraktion-stellt-einen-antrag-fuer-ein-nachpflanzungskonzept\/","title":{"rendered":"CDU-Fraktion stellt einen Antrag f\u00fcr ein Nachpflanzungskonzept"},"content":{"rendered":"<p><strong>Nachpflanzungen von B\u00e4umen und Erweiterung von Bl\u00fch- und Schonstreifen sowie von Staudenmischpflanzungen<\/strong><\/p>\n<p>die CDU-Fraktion bittet um Aufnahme des Tagesordnungspunktes \u201eNachpflanzungen von B\u00e4umen\u201c in der n\u00e4chsten Sitzung des UPK-Ausschusses und beantragt und diesem TOP<\/p>\n<p><strong>die Verwaltung zu beauftragen, ein Nachpflanzungskonzept als Ausgleich f\u00fcr die auf-grund des extremen Hitzesommers 2018 und durch die anhaltende Trockenheit in den letzten Monaten zu f\u00e4llenden bzw. bereits gef\u00e4llten B\u00e4ume zu erarbeiten.<\/strong><br \/>\n<strong>Dieses Konzept sollte neben Nachpflanzungen auch die Anlage von Bl\u00fch- und Schonstreifen, z. B. auf st\u00e4dtischen Ausgleichsfl\u00e4chen, sowie Staudenmischpflan-zungen, z. B. im Stra\u00dfenbegleitgr\u00fcn im Rahmen von Neubauma\u00dfnahmen, vorsehen.<\/strong><\/p>\n<p>Begr\u00fcndung:<br \/>\nIn der UPK-Sitzung im April berichtete die Gr\u00fcnfl\u00e4chenamtsleiterin Patricia Sch\u00fcrmann \u00fcber die Ausma\u00dfe des Kempener Baumsterbens. Von den ca. 14.000 B\u00e4umen im Kempener Stadtge-biet muss eine Vielzahl an B\u00e4umen aufgrund des extremen Hitzesommers 2018 und durch die anhaltende Trockenheit gef\u00e4llt werden.<\/p>\n<p>Dies erfordert die Erarbeitung eines Nachpflanzungskonzeptes f\u00fcr das gesamte Stadtgebiet, wobei die \u00f6rtlichen Besonderheiten der einzelnen betroffenen Fl\u00e4chen Ber\u00fccksichtigung finden m\u00fcssen, z. B. Alter Friedhof Kerkener Stra\u00dfe.<br \/>\nBei der Auswahl der Baumarten sollte das ver\u00e4nderte Klima ber\u00fccksichtigt werden.<\/p>\n<p>Soweit zusammenh\u00e4ngende, ungenutzte st\u00e4dtische Fl\u00e4chen vorhanden sind, beispielsweise am Regenr\u00fcckhaltebecken Magdeburger Stra\u00dfe \/ Greifswalder Weg, bitten wir im Rahmen des Nachpflanzungskonzepts zu pr\u00fcfen, ob fl\u00e4chige Aufforstungen an diesen Stellen m\u00f6glich sind.<br \/>\nDie Erweiterung von Bl\u00fch- und Schonstreifen sowie von Staudenmischpflanzungen an den unterschiedlichsten Fl\u00e4chen soll dem Insektensterben entgegenwirken. Mit den Folgen des Klimawandels stellt der Verlust der biologischen Artenvielfalt eine der gegenw\u00e4rtig gr\u00f6\u00dften \u00f6ko-logischen, aber auch \u00f6konomischen Bedrohungen dar.<\/p>\n<p>Wir bitten den Antrag in der n\u00e4chsten Sitzung des zust\u00e4ndigen Fachausschusses zu beraten.<\/p>\n","protected":false},"excerpt":{"rendered":"<p>Nachpflanzungen von B\u00e4umen und Erweiterung von Bl\u00fch- und Schonstreifen sowie von Staudenmischpflanzungen die CDU-Fraktion bittet um Aufnahme des Tagesordnungspunktes \u201eNachpflanzungen von B\u00e4umen\u201c in der n\u00e4chsten Sitzung des UPK-Ausschusses und beantragt und diesem TOP die Verwaltung zu beauftragen, ein Nachpflanzungskonzept als Ausgleich f\u00fcr die auf-grund des extremen Hitzesommers 2018 und durch die anhaltende Trockenheit in den [&hellip;]<\/p>\n","protected":false},"author":6,"featured_media":8086,"comment_status":"closed","ping_status":"open","sticky":false,"template":"","format":"standard","meta":{"_et_pb_use_builder":"","_et_pb_old_content":"","_et_gb_content_width":"","footnotes":""},"categories":[1],"tags":[],"class_list":["post-8085","post","type-post","status-publish","format-standard","has-post-thumbnail","hentry","category-uncategorized"],"_links":{"self":[{"href":"https:\/\/cdu-kempen.de\/index.php\/wp-json\/wp\/v2\/posts\/8085"}],"collection":[{"href":"https:\/\/cdu-kempen.de\/index.php\/wp-json\/wp\/v2\/posts"}],"about":[{"href":"https:\/\/cdu-kempen.de\/index.php\/wp-json\/wp\/v2\/types\/post"}],"author":[{"embeddable":true,"href":"https:\/\/cdu-kempen.de\/index.php\/wp-json\/wp\/v2\/users\/6"}],"replies":[{"embeddable":true,"href":"https:\/\/cdu-kempen.de\/index.php\/wp-json\/wp\/v2\/comments?post=8085"}],"version-history":[{"count":1,"href":"https:\/\/cdu-kempen.de\/index.php\/wp-json\/wp\/v2\/posts\/8085\/revisions"}],"predecessor-version":[{"id":8087,"href":"https:\/\/cdu-kempen.de\/index.php\/wp-json\/wp\/v2\/posts\/8085\/revisions\/8087"}],"wp:featuredmedia":[{"embeddable":true,"href":"https:\/\/cdu-kempen.de\/index.php\/wp-json\/wp\/v2\/media\/8086"}],"wp:attachment":[{"href":"https:\/\/cdu-kempen.de\/index.php\/wp-json\/wp\/v2\/media?parent=8085"}],"wp:term":[{"taxonomy":"category","embeddable":true,"href":"https:\/\/cdu-kempen.de\/index.php\/wp-json\/wp\/v2\/categories?post=8085"},{"taxonomy":"post_tag","embeddable":true,"href":"https:\/\/cdu-kempen.de\/index.php\/wp-json\/wp\/v2\/tags?post=8085"}],"curies":[{"name":"wp","href":"https:\/\/api.w.org\/{rel}","templated":true}]}}