{"id":8124,"date":"2019-06-21T21:38:37","date_gmt":"2019-06-21T21:38:37","guid":{"rendered":"https:\/\/cdu-kempen.de\/?p=8124"},"modified":"2019-06-25T13:32:23","modified_gmt":"2019-06-25T13:32:23","slug":"kempenwiegehtsdir","status":"publish","type":"post","link":"https:\/\/cdu-kempen.de\/index.php\/kempenwiegehtsdir\/","title":{"rendered":"Kempen, wie geht&#8217;s dir?"},"content":{"rendered":"<p>\u201eKempen, wie geht\u2019s dir?\u201c \u2013 diese offene Frage m\u00f6chte die Kempener CDU gerne allen B\u00fcrgerinnen und B\u00fcrgern unserer Stadt stellen. An zwei Tagen werden hierzu im gesamten Stadtgebiet an entsprechenden St\u00e4nden die jeweiligen Antworten auf diese Frage gesammelt. \u201eWir m\u00f6chten unseren Dialog mit den B\u00fcrgerinnen und B\u00fcrgern weiter intensiv pflegen und dazu auch \u00fcber neue Formate herzlich einladen\u201c, sagt der CDU-Parteivorsitzende Philipp Kraft.<\/p>\n<p>Eine Beteiligung an dieser Aktion ist dabei nicht nur an den Informationsst\u00e4nden, sondern nat\u00fcrlich auch \u00fcber das Internet und in den sozialen Medien m\u00f6glich. \u201eWir sind auf allen Kan\u00e4len erreichbar\u201c, unterstreicht Kraft. Jede\/r bekommt somit die M\u00f6glichkeit, auf einer Postkarte positive Kennzeichen von Kempen (\u201eWas ist Ihnen wichtig in Kempen\u201c bzw. \u201eWas zeichnet Kempen f\u00fcr Sie aus?\u201c) und W\u00fcnsche f\u00fcr das k\u00fcnftige Kempen (\u201eWas w\u00fcnschen Sie sich f\u00fcr Kempen?\u201c) anzugeben.<\/p>\n<p>Die jeweiligen Angaben werden nach der Aktion ausgewertet und sollen anschlie\u00dfend sowohl in die aktuelle CDU-Fraktionsarbeit eingebracht werden, als auch Impulse f\u00fcr das Programm des CDU-Stadtverbandes Kempen f\u00fcr die Kommunalwahl 2020 geben. \u201eWir nehmen die Anliegen und Anregungen unserer B\u00fcrgerinnen und B\u00fcrger ernst und freuen uns, wenn sich generations\u00fcbergreifend m\u00f6glichst viele an unserer Aktion beteiligen\u201c unterstreicht Philipp Kraft.<\/p>\n<p><a href=\"https:\/\/cdu-kempen.de\/index.php\/kempen-wie-gehts-dir\/\">Hier gehts zur Umfrage<\/a><\/p>\n<p><a href=\"http:\/\/cdu-kempen.de\/index.php\/kempen-wie-gehts-dir\/\"><img loading=\"lazy\" decoding=\"async\" class=\"alignnone wp-image-8107\" src=\"https:\/\/cdu-kempen.de\/wp-content\/uploads\/2019\/06\/kempenwiegehtsdir-174x245.jpg\" alt=\"\" width=\"285\" height=\"401\" srcset=\"https:\/\/cdu-kempen.de\/wp-content\/uploads\/2019\/06\/kempenwiegehtsdir-174x245.jpg 174w, https:\/\/cdu-kempen.de\/wp-content\/uploads\/2019\/06\/kempenwiegehtsdir-768x1082.jpg 768w, https:\/\/cdu-kempen.de\/wp-content\/uploads\/2019\/06\/kempenwiegehtsdir-511x720.jpg 511w\" sizes=\"(max-width: 285px) 100vw, 285px\" \/><\/a><\/p>\n<p>&nbsp;<\/p>\n","protected":false},"excerpt":{"rendered":"<p>\u201eKempen, wie geht\u2019s dir?\u201c \u2013 diese offene Frage m\u00f6chte die Kempener CDU gerne allen B\u00fcrgerinnen und B\u00fcrgern unserer Stadt stellen. An zwei Tagen werden hierzu im gesamten Stadtgebiet an entsprechenden St\u00e4nden die jeweiligen Antworten auf diese Frage gesammelt. \u201eWir m\u00f6chten unseren Dialog mit den B\u00fcrgerinnen und B\u00fcrgern weiter intensiv pflegen und dazu auch \u00fcber neue [&hellip;]<\/p>\n","protected":false},"author":5,"featured_media":8105,"comment_status":"closed","ping_status":"open","sticky":false,"template":"","format":"standard","meta":{"_et_pb_use_builder":"","_et_pb_old_content":"","_et_gb_content_width":"","footnotes":""},"categories":[1],"tags":[],"class_list":["post-8124","post","type-post","status-publish","format-standard","has-post-thumbnail","hentry","category-uncategorized"],"_links":{"self":[{"href":"https:\/\/cdu-kempen.de\/index.php\/wp-json\/wp\/v2\/posts\/8124"}],"collection":[{"href":"https:\/\/cdu-kempen.de\/index.php\/wp-json\/wp\/v2\/posts"}],"about":[{"href":"https:\/\/cdu-kempen.de\/index.php\/wp-json\/wp\/v2\/types\/post"}],"author":[{"embeddable":true,"href":"https:\/\/cdu-kempen.de\/index.php\/wp-json\/wp\/v2\/users\/5"}],"replies":[{"embeddable":true,"href":"https:\/\/cdu-kempen.de\/index.php\/wp-json\/wp\/v2\/comments?post=8124"}],"version-history":[{"count":6,"href":"https:\/\/cdu-kempen.de\/index.php\/wp-json\/wp\/v2\/posts\/8124\/revisions"}],"predecessor-version":[{"id":8136,"href":"https:\/\/cdu-kempen.de\/index.php\/wp-json\/wp\/v2\/posts\/8124\/revisions\/8136"}],"wp:featuredmedia":[{"embeddable":true,"href":"https:\/\/cdu-kempen.de\/index.php\/wp-json\/wp\/v2\/media\/8105"}],"wp:attachment":[{"href":"https:\/\/cdu-kempen.de\/index.php\/wp-json\/wp\/v2\/media?parent=8124"}],"wp:term":[{"taxonomy":"category","embeddable":true,"href":"https:\/\/cdu-kempen.de\/index.php\/wp-json\/wp\/v2\/categories?post=8124"},{"taxonomy":"post_tag","embeddable":true,"href":"https:\/\/cdu-kempen.de\/index.php\/wp-json\/wp\/v2\/tags?post=8124"}],"curies":[{"name":"wp","href":"https:\/\/api.w.org\/{rel}","templated":true}]}}