{"id":8146,"date":"2019-07-02T20:20:21","date_gmt":"2019-07-02T20:20:21","guid":{"rendered":"https:\/\/cdu-kempen.de\/?p=8146"},"modified":"2019-07-04T20:34:49","modified_gmt":"2019-07-04T20:34:49","slug":"nachhaltigkeit-im-kreis-viersen","status":"publish","type":"post","link":"https:\/\/cdu-kempen.de\/index.php\/nachhaltigkeit-im-kreis-viersen\/","title":{"rendered":"Nachhaltigkeit im Kreis Viersen"},"content":{"rendered":"<p>Noch vor den Sommerferien wird in fast allen Kreisen und Kommunen \u00fcber den Klimanotstand abgestimmt.<\/p>\n<p>In Sachen Nachhaltigkeit, Klimaschutzkonzept, gesundes Bauen, Kampf gegen die Nitratbelastung und noch viel mehr ist der Kreis Viersen mit unserem CDU-Landrat seit 2014 auf dem richtigen Weg und vielen einen Schritt voraus.<\/p>\n<p>F\u00fcr Landrat Andreas Coenen und die CDU-Kreistagsmitglieder ist Nachhaltigkeit von sehr gro\u00dfer Bedeutung.<\/p>\n<p><a href=\"https:\/\/cdu-kempen.de\/wp-content\/uploads\/2019\/07\/Stadtspiegel_Blickpunkt_Kreis-Viersen_01.07.2019_c-Kreis-Viersen.pdf\">Stadtspiegel_Blickpunkt_Kreis Viersen_01.07.2019_(c) Kreis Viersen<\/a><\/p>\n<p>Vertreter im Kreistag der CDU Kempen:<\/p>\n<p>Peter Fischer<\/p>\n<p>Heike H\u00f6ltken<\/p>\n<p>Karlheinz Omsels<\/p>\n<p>Stellungnahme der CDU-Fraktion im Kreistag:<\/p>\n<p><strong><u>CDU-Kreistagsfraktion zum Klimawandel<\/u><\/strong><\/p>\n<p>In der Sitzung des Kreistags Viersen am 04.07.2019 wird \u00fcber die Ausrufung des Klimanotstandes beraten.<\/p>\n<p>Kein Thema wird aktuell so intensiv und vielseitig diskutiert wie der Klimawandel.<\/p>\n<p>Das ist ein Verdienst besonders der jungen Generation, die mit viel Engagement auf das Thema aufmerksam macht und eine h\u00f6here Aufmerksamkeit einfordert.<\/p>\n<p>Man kann das Thema sicherlich in vielen Facetten und Einzelheiten diskutieren. Dabei darf aber der eigentliche Blick nicht verloren gehen &#8211; n\u00e4mlich, das wir alle aufgefordert sind, unseren Umgang mit der Umwelt zu \u00fcberpr\u00fcfen.<\/p>\n<p>Daf\u00fcr stehen viele, nat\u00fcrlich auch die Politik, in der Verantwortung, Ma\u00dfnahmen umzusetzen, die zur Verbesserung des Klimas beitragen und Ressourcen m\u00f6glichst zu schonen. Auch der Kreis Viersen muss und kann zum Klimaschutz beitragen.<\/p>\n<p>Aber auch ein jeder selbst muss f\u00fcr sich sein Verhalten hinterfragen und nach M\u00f6glichkeiten suchen, welchen Teil er dazu beitragen kann.<\/p>\n<p>Wir tragen also alle Verantwortung und m\u00fcssen uns der Herausforderung stellen.<\/p>\n<p>Das Klima geht uns alle an &#8211; auf allen Ebenen.<\/p>\n<p>Als Kreis Viersen hat der Landrat mit Unterst\u00fctzung aller Fraktionen das Thema bereits mit ganz konkretem Handeln in den Vordergrund ger\u00fcckt.<\/p>\n<p>Der im Kreistag behandelte Tagesordnungspunkt \u201eBewerbung des Kreises Viersen f\u00fcr das Projekt \u201eGlobal Nachhaltige Kommune NRW\u201c hat hier eindrucksvoll die vielf\u00e4ltigen Aktivit\u00e4ten aufgef\u00fchrt. Zudem haben wir als ein Beispiel im Organisations- und Personalausschuss gute Ergebnisse im Energiebericht pr\u00e4sentiert bekommen. Viele der Einsparungen von Energie und die Ziele sind bereits vorzeitig erreicht worden, so dass neue Ziele definiert und angegangen werden k\u00f6nnen.<\/p>\n<p>Damit kann und soll der Kreis Viersen Vorbild und f\u00fcr viele andere ein gutes Beispiel sein. Aber auch in den kreisangeh\u00f6rigen Kommunen ist bereits durch konkrete Ma\u00dfnahmen und durch konkretes Handeln das Thema Klima im Blick. Das m\u00fcssen alle sicherlich noch deutlicher herausstellen.<\/p>\n<p>Der Begriff Klimanotstand ist aus unserer Sicht nicht gl\u00fccklich gew\u00e4hlt. \u201eDer Kreis Viersen auf dem Weg zu einem klimafreundlichen Kreis\u201c w\u00e4re die bessere Bezeichnung.<\/p>\n<p>Mit unserer Zustimmung zum Beschlussvorschlag der Verwaltung erkennen wir an, dass wir alle gemeinsam aufgefordert sind, alle Anstrengungen zu unternehmen, um die Klimaschutzziele in Deutschland und Europa zu erreichen.<\/p>\n<p>Peter Fischer<\/p>\n<p>Fraktionsvorsitzender<\/p>\n<p>CDU-Kreistagsfraktion<\/p>\n<p><a href=\"https:\/\/cdu-kempen.de\/wp-content\/uploads\/2019\/07\/Pressemitteilung-04.07.2019-Klimawandel.pdf\">Pressemitteilung 04.07.2019, Klimawandel<\/a><\/p>\n<p>&nbsp;<\/p>\n","protected":false},"excerpt":{"rendered":"<p>Noch vor den Sommerferien wird in fast allen Kreisen und Kommunen \u00fcber den Klimanotstand abgestimmt. In Sachen Nachhaltigkeit, Klimaschutzkonzept, gesundes Bauen, Kampf gegen die Nitratbelastung und noch viel mehr ist der Kreis Viersen mit unserem CDU-Landrat seit 2014 auf dem richtigen Weg und vielen einen Schritt voraus. F\u00fcr Landrat Andreas Coenen und die CDU-Kreistagsmitglieder ist [&hellip;]<\/p>\n","protected":false},"author":6,"featured_media":8157,"comment_status":"closed","ping_status":"open","sticky":false,"template":"","format":"standard","meta":{"_et_pb_use_builder":"","_et_pb_old_content":"","_et_gb_content_width":"","footnotes":""},"categories":[1],"tags":[],"class_list":["post-8146","post","type-post","status-publish","format-standard","has-post-thumbnail","hentry","category-uncategorized"],"_links":{"self":[{"href":"https:\/\/cdu-kempen.de\/index.php\/wp-json\/wp\/v2\/posts\/8146"}],"collection":[{"href":"https:\/\/cdu-kempen.de\/index.php\/wp-json\/wp\/v2\/posts"}],"about":[{"href":"https:\/\/cdu-kempen.de\/index.php\/wp-json\/wp\/v2\/types\/post"}],"author":[{"embeddable":true,"href":"https:\/\/cdu-kempen.de\/index.php\/wp-json\/wp\/v2\/users\/6"}],"replies":[{"embeddable":true,"href":"https:\/\/cdu-kempen.de\/index.php\/wp-json\/wp\/v2\/comments?post=8146"}],"version-history":[{"count":6,"href":"https:\/\/cdu-kempen.de\/index.php\/wp-json\/wp\/v2\/posts\/8146\/revisions"}],"predecessor-version":[{"id":8161,"href":"https:\/\/cdu-kempen.de\/index.php\/wp-json\/wp\/v2\/posts\/8146\/revisions\/8161"}],"wp:featuredmedia":[{"embeddable":true,"href":"https:\/\/cdu-kempen.de\/index.php\/wp-json\/wp\/v2\/media\/8157"}],"wp:attachment":[{"href":"https:\/\/cdu-kempen.de\/index.php\/wp-json\/wp\/v2\/media?parent=8146"}],"wp:term":[{"taxonomy":"category","embeddable":true,"href":"https:\/\/cdu-kempen.de\/index.php\/wp-json\/wp\/v2\/categories?post=8146"},{"taxonomy":"post_tag","embeddable":true,"href":"https:\/\/cdu-kempen.de\/index.php\/wp-json\/wp\/v2\/tags?post=8146"}],"curies":[{"name":"wp","href":"https:\/\/api.w.org\/{rel}","templated":true}]}}