{"id":8154,"date":"2019-07-03T19:56:51","date_gmt":"2019-07-03T19:56:51","guid":{"rendered":"https:\/\/cdu-kempen.de\/?p=8154"},"modified":"2019-07-03T20:00:47","modified_gmt":"2019-07-03T20:00:47","slug":"burgturmbesteigung-7-juli-2019","status":"publish","type":"post","link":"https:\/\/cdu-kempen.de\/index.php\/burgturmbesteigung-7-juli-2019\/","title":{"rendered":"Burgturmbesteigung 7. Juli 2019"},"content":{"rendered":"<p>Auch in diesem Jahr bietet die CDU Kempen im Rahmen des Niederrheinischen Radwandertages am 7. Juli 2019 In der Zeit von 11.00 Uhr bis 16.00 Uhr wieder die traditionelle Burgturmbesteigung an.<\/p>\n<p>Alle interessierten Kempener B\u00fcrger sowie die Teilnehmer des Radwandertages haben wieder die Gelegenheit, sich bei hoffentlich sonnigem Wetter einen \u00dcberblick vom Burgturm \u00fcber Kempen und Umgebung zu verschaffen. Bei klarer Sicht d\u00fcrfte auch wieder der Fernsehturm in D\u00fcsseldorf von den Zinnen der Burg zu erkennen sein.<\/p>\n<p>Da die Gruppenst\u00e4rke je Aufstieg auf den Turm begrenzt ist, werden die F\u00fchrungen jeweils im ca. 30-min\u00fctigen Abstand durchgef\u00fchrt. Es empfiehlt sich, rechtzeitig am Stand vor dem Burgeingang eine Teilnahme zu reservieren.<\/p>\n<p>Dar\u00fcber bietet dieser Tag eine weitere M\u00f6glichkeit, sich an der Aktion &#8222;Kempen, wie geht&#8217;s Dir?&#8220;\u00a0zu beteiligen.<\/p>\n","protected":false},"excerpt":{"rendered":"<p>Auch in diesem Jahr bietet die CDU Kempen im Rahmen des Niederrheinischen Radwandertages am 7. Juli 2019 In der Zeit von 11.00 Uhr bis 16.00 Uhr wieder die traditionelle Burgturmbesteigung an. Alle interessierten Kempener B\u00fcrger sowie die Teilnehmer des Radwandertages haben wieder die Gelegenheit, sich bei hoffentlich sonnigem Wetter einen \u00dcberblick vom Burgturm \u00fcber Kempen [&hellip;]<\/p>\n","protected":false},"author":5,"featured_media":8153,"comment_status":"closed","ping_status":"open","sticky":false,"template":"","format":"standard","meta":{"_et_pb_use_builder":"","_et_pb_old_content":"","_et_gb_content_width":"","footnotes":""},"categories":[1],"tags":[],"class_list":["post-8154","post","type-post","status-publish","format-standard","has-post-thumbnail","hentry","category-uncategorized"],"_links":{"self":[{"href":"https:\/\/cdu-kempen.de\/index.php\/wp-json\/wp\/v2\/posts\/8154"}],"collection":[{"href":"https:\/\/cdu-kempen.de\/index.php\/wp-json\/wp\/v2\/posts"}],"about":[{"href":"https:\/\/cdu-kempen.de\/index.php\/wp-json\/wp\/v2\/types\/post"}],"author":[{"embeddable":true,"href":"https:\/\/cdu-kempen.de\/index.php\/wp-json\/wp\/v2\/users\/5"}],"replies":[{"embeddable":true,"href":"https:\/\/cdu-kempen.de\/index.php\/wp-json\/wp\/v2\/comments?post=8154"}],"version-history":[{"count":2,"href":"https:\/\/cdu-kempen.de\/index.php\/wp-json\/wp\/v2\/posts\/8154\/revisions"}],"predecessor-version":[{"id":8156,"href":"https:\/\/cdu-kempen.de\/index.php\/wp-json\/wp\/v2\/posts\/8154\/revisions\/8156"}],"wp:featuredmedia":[{"embeddable":true,"href":"https:\/\/cdu-kempen.de\/index.php\/wp-json\/wp\/v2\/media\/8153"}],"wp:attachment":[{"href":"https:\/\/cdu-kempen.de\/index.php\/wp-json\/wp\/v2\/media?parent=8154"}],"wp:term":[{"taxonomy":"category","embeddable":true,"href":"https:\/\/cdu-kempen.de\/index.php\/wp-json\/wp\/v2\/categories?post=8154"},{"taxonomy":"post_tag","embeddable":true,"href":"https:\/\/cdu-kempen.de\/index.php\/wp-json\/wp\/v2\/tags?post=8154"}],"curies":[{"name":"wp","href":"https:\/\/api.w.org\/{rel}","templated":true}]}}