{"id":8170,"date":"2019-07-07T17:02:44","date_gmt":"2019-07-07T17:02:44","guid":{"rendered":"https:\/\/cdu-kempen.de\/?p=8170"},"modified":"2019-07-07T17:02:44","modified_gmt":"2019-07-07T17:02:44","slug":"masterplan-klimaschutz-in-der-stadt-kempen","status":"publish","type":"post","link":"https:\/\/cdu-kempen.de\/index.php\/masterplan-klimaschutz-in-der-stadt-kempen\/","title":{"rendered":"Masterplan Klimaschutz in der Stadt Kempen"},"content":{"rendered":"<p>Die CDU-Fraktion gibt im Vorfeld der Ratssitzung am kommenden Dienstag zum Antrag auf Verabschiedung einer Resolution \u201eKlimanotstand in Kempen\u201c nachfolgende Erkl\u00e4rung ab:<\/p>\n<p>Die CDU-Fraktion hat sich in den letzten Wochen in vielen Sitzungen und Gespr\u00e4chsrunden intensiv mit den Antr\u00e4gen zur Ausrufung des \u201eKlimanotstandes\u201c in Kempen besch\u00e4ftigt.<\/p>\n<p>Wir begr\u00fc\u00dfen ausdr\u00fccklich die Klimaschutzinitiativen, insbesondere das Engagement der \u201eFridays for Future \u2013 Bewegung\u201c.<\/p>\n<p>Die Beharrlichkeit dieser Bewegung hat Diskussionen ausgel\u00f6st und dem Klimaschutz einen neuen Stellenwert auch in der allt\u00e4glichen Kommunalpolitik in Kempen gegeben.<\/p>\n<p>Die CDU-Fraktion folgt der Intention der vorliegenden Resolutionsantr\u00e4ge, wird aber eine Ausrufung des \u201eKlimanotstandes in Kempen\u201c nicht unterst\u00fctzen.<\/p>\n<p>Der Begriff des Notstandes kann insbesondere bei \u00e4lteren Mitb\u00fcrgern Angst und Sorgen ausl\u00f6sen, da er Ma\u00dfnahmen bei aktuellen au\u00dfergew\u00f6hnlichen, bedrohlichen und mit anderen Mitteln nicht mehr beherrschbare Situationen beschreibt. Mit diesen Begriffen sollte man nicht leichtfertig umgehen, auch wenn sie nur symbolhaften Charakter haben.<\/p>\n<p>Die CDU-Fraktion teilt die in dem Resolutionsentwurf zum Ausdruck gebrachte Sorge um Auswirkungen des von Menschenhand verursachten globalen Klimawandels, die wir auch in Deutschland wahrnehmen und ein sofortiges globales Handeln verlangen, zu dem auch die Kommunen in die Pflicht zu nehmen sind.<\/p>\n<p>Kempen tr\u00e4gt mit verschiedenen Ma\u00dfnahmen, insbesondere \u00fcber die stadteigene Tochtergesellschaft der Stadtwerke Kempen, bereits aktiv zum Klimaschutz bei. Beispielhaft werden allein durch die Eigenproduktion von Strom und W\u00e4rme in Blockkraftheizwerken in Kempen j\u00e4hrlich ca. 25.000 to CO2 gegen\u00fcber Einzelheizungsanlagen eingespart.<\/p>\n<p>Trotz vieler positiver Ans\u00e4tze ist die CDU der Auffassung, dass die Klimaaktivit\u00e4ten in Kempen noch ausbauf\u00e4hig sind.<\/p>\n<p>Die Bewahrung der Sch\u00f6pfung, zu der sich die CDU schon in ihrem Grundsatzprogramm bekennt, erlangt eine zunehmend gr\u00f6\u00dfere Bedeutung und Verpflichtung.<\/p>\n<p>Die CDU-Fraktion wird sich daher in der Klimaschutzdebatte der Ratssitzung am kommenden Dienstag f\u00fcr eine auf Kempen abgestimmte individuelle Erkl\u00e4rung einsetzen, die einerseits nicht den \u201eNotstand\u201c ausruft, andererseits aber die Intention der Resolution aufnimmt und einen \u201eMasterplan Klimaschutz in der Stadt Kempen\u201c auf den Weg bringt.<\/p>\n<p>Wir wollen keine Lippenbekenntnisse, sondern uns auf das konzentrieren, was wir in kommunalpolitischer Verantwortung gestalten k\u00f6nnen, in verantwortlicher Abw\u00e4gung zu anderen berechtigten Interessen und Nutzenbetrachtungen und unter Beachtung der finanziellen und personellen Ressourcen.<\/p>\n<p>Uns ist wichtig, dass in diesem Prozess die B\u00fcrger, insbesondere Vertreter der Klimaschutzbewegungen, eingebunden werden und der von der \u201eFridays For Future\u201c Bewegung eingereichte Forderungskatalog in einem offenen Workshop mit Experten diskutiert wird.<\/p>\n","protected":false},"excerpt":{"rendered":"<p>Die CDU-Fraktion gibt im Vorfeld der Ratssitzung am kommenden Dienstag zum Antrag auf Verabschiedung einer Resolution \u201eKlimanotstand in Kempen\u201c nachfolgende Erkl\u00e4rung ab: Die CDU-Fraktion hat sich in den letzten Wochen in vielen Sitzungen und Gespr\u00e4chsrunden intensiv mit den Antr\u00e4gen zur Ausrufung des \u201eKlimanotstandes\u201c in Kempen besch\u00e4ftigt. Wir begr\u00fc\u00dfen ausdr\u00fccklich die Klimaschutzinitiativen, insbesondere das Engagement der [&hellip;]<\/p>\n","protected":false},"author":6,"featured_media":41,"comment_status":"closed","ping_status":"open","sticky":false,"template":"","format":"standard","meta":{"_et_pb_use_builder":"","_et_pb_old_content":"","_et_gb_content_width":"","footnotes":""},"categories":[1],"tags":[],"class_list":["post-8170","post","type-post","status-publish","format-standard","has-post-thumbnail","hentry","category-uncategorized"],"_links":{"self":[{"href":"https:\/\/cdu-kempen.de\/index.php\/wp-json\/wp\/v2\/posts\/8170"}],"collection":[{"href":"https:\/\/cdu-kempen.de\/index.php\/wp-json\/wp\/v2\/posts"}],"about":[{"href":"https:\/\/cdu-kempen.de\/index.php\/wp-json\/wp\/v2\/types\/post"}],"author":[{"embeddable":true,"href":"https:\/\/cdu-kempen.de\/index.php\/wp-json\/wp\/v2\/users\/6"}],"replies":[{"embeddable":true,"href":"https:\/\/cdu-kempen.de\/index.php\/wp-json\/wp\/v2\/comments?post=8170"}],"version-history":[{"count":1,"href":"https:\/\/cdu-kempen.de\/index.php\/wp-json\/wp\/v2\/posts\/8170\/revisions"}],"predecessor-version":[{"id":8171,"href":"https:\/\/cdu-kempen.de\/index.php\/wp-json\/wp\/v2\/posts\/8170\/revisions\/8171"}],"wp:featuredmedia":[{"embeddable":true,"href":"https:\/\/cdu-kempen.de\/index.php\/wp-json\/wp\/v2\/media\/41"}],"wp:attachment":[{"href":"https:\/\/cdu-kempen.de\/index.php\/wp-json\/wp\/v2\/media?parent=8170"}],"wp:term":[{"taxonomy":"category","embeddable":true,"href":"https:\/\/cdu-kempen.de\/index.php\/wp-json\/wp\/v2\/categories?post=8170"},{"taxonomy":"post_tag","embeddable":true,"href":"https:\/\/cdu-kempen.de\/index.php\/wp-json\/wp\/v2\/tags?post=8170"}],"curies":[{"name":"wp","href":"https:\/\/api.w.org\/{rel}","templated":true}]}}