{"id":8173,"date":"2019-07-10T18:41:54","date_gmt":"2019-07-10T18:41:54","guid":{"rendered":"https:\/\/cdu-kempen.de\/?p=8173"},"modified":"2019-07-10T18:41:54","modified_gmt":"2019-07-10T18:41:54","slug":"erweiterung-der-aussenflaeche-der-kita-spatzennest","status":"publish","type":"post","link":"https:\/\/cdu-kempen.de\/index.php\/erweiterung-der-aussenflaeche-der-kita-spatzennest\/","title":{"rendered":"Erweiterung der Au\u00dfenfl\u00e4che der Kita Spatzennest"},"content":{"rendered":"<p>Durch die bauliche Erweiterung der Kita Spatzennest ist die Au\u00dfenfl\u00e4che der Kita kleiner geworden. Die Au\u00dfenfl\u00e4che wurde urspr\u00fcnglich f\u00fcr 75 Kinder geplant. In der Kita Spatzennest werden mittlerweile 128 Kinder betreut.<\/p>\n<p>Durch die Vergr\u00f6\u00dferung des Bauk\u00f6rpers auf dem Gel\u00e4nde m\u00fcssen mehr Kinder mit einem kleineren Au\u00dfenbereich vorlieb nehmen.<\/p>\n<p>Der CDU wurde im Rahmen der Aktion<strong> \u201eKempen, wie geht\u2019s dir?\u201c<\/strong> eine Unterschriften der Eltern mit ca. 100 Unterschriften \u00fcberreicht.<\/p>\n<p>In der Ratssitzung am 09.07.2019 hat die CDU-Fraktion auf ihren Antrag vom 15.10.2018 hingewiesen.<\/p>\n<p><a href=\"https:\/\/cdu-kempen.de\/wp-content\/uploads\/2018\/10\/CDU-Antrag-Spielger\u00e4te-Kleinkinder.pdf\">CDU Antrag Spielger\u00e4te Kleinkinder<\/a><\/p>\n<p>Die CDU-Fraktion bittet um <strong>vorgezogene Pr\u00fcfung<\/strong>, ob z.B. die Dreiecksfl\u00e4che am Brahmsweg zur Erweiterung der Au\u00dfenfl\u00e4che der Kita Spatzennest hinzugenommen werden kann und eine zeitnahe Vergr\u00f6\u00dferung des Au\u00dfenbereichs f\u00fcr die Kinder in der Kita Spatzennest zu erreichen ist.<\/p>\n","protected":false},"excerpt":{"rendered":"<p>Durch die bauliche Erweiterung der Kita Spatzennest ist die Au\u00dfenfl\u00e4che der Kita kleiner geworden. Die Au\u00dfenfl\u00e4che wurde urspr\u00fcnglich f\u00fcr 75 Kinder geplant. In der Kita Spatzennest werden mittlerweile 128 Kinder betreut. Durch die Vergr\u00f6\u00dferung des Bauk\u00f6rpers auf dem Gel\u00e4nde m\u00fcssen mehr Kinder mit einem kleineren Au\u00dfenbereich vorlieb nehmen. Der CDU wurde im Rahmen der Aktion [&hellip;]<\/p>\n","protected":false},"author":6,"featured_media":8174,"comment_status":"closed","ping_status":"open","sticky":false,"template":"","format":"standard","meta":{"_et_pb_use_builder":"","_et_pb_old_content":"","_et_gb_content_width":"","footnotes":""},"categories":[1],"tags":[],"class_list":["post-8173","post","type-post","status-publish","format-standard","has-post-thumbnail","hentry","category-uncategorized"],"_links":{"self":[{"href":"https:\/\/cdu-kempen.de\/index.php\/wp-json\/wp\/v2\/posts\/8173"}],"collection":[{"href":"https:\/\/cdu-kempen.de\/index.php\/wp-json\/wp\/v2\/posts"}],"about":[{"href":"https:\/\/cdu-kempen.de\/index.php\/wp-json\/wp\/v2\/types\/post"}],"author":[{"embeddable":true,"href":"https:\/\/cdu-kempen.de\/index.php\/wp-json\/wp\/v2\/users\/6"}],"replies":[{"embeddable":true,"href":"https:\/\/cdu-kempen.de\/index.php\/wp-json\/wp\/v2\/comments?post=8173"}],"version-history":[{"count":1,"href":"https:\/\/cdu-kempen.de\/index.php\/wp-json\/wp\/v2\/posts\/8173\/revisions"}],"predecessor-version":[{"id":8175,"href":"https:\/\/cdu-kempen.de\/index.php\/wp-json\/wp\/v2\/posts\/8173\/revisions\/8175"}],"wp:featuredmedia":[{"embeddable":true,"href":"https:\/\/cdu-kempen.de\/index.php\/wp-json\/wp\/v2\/media\/8174"}],"wp:attachment":[{"href":"https:\/\/cdu-kempen.de\/index.php\/wp-json\/wp\/v2\/media?parent=8173"}],"wp:term":[{"taxonomy":"category","embeddable":true,"href":"https:\/\/cdu-kempen.de\/index.php\/wp-json\/wp\/v2\/categories?post=8173"},{"taxonomy":"post_tag","embeddable":true,"href":"https:\/\/cdu-kempen.de\/index.php\/wp-json\/wp\/v2\/tags?post=8173"}],"curies":[{"name":"wp","href":"https:\/\/api.w.org\/{rel}","templated":true}]}}