{"id":8182,"date":"2019-07-15T15:56:11","date_gmt":"2019-07-15T15:56:11","guid":{"rendered":"https:\/\/cdu-kempen.de\/?p=8182"},"modified":"2019-07-15T15:56:11","modified_gmt":"2019-07-15T15:56:11","slug":"burgturmbesteigung-am-07-juli-2019","status":"publish","type":"post","link":"https:\/\/cdu-kempen.de\/index.php\/burgturmbesteigung-am-07-juli-2019\/","title":{"rendered":"Burgturmbesteigung am 07. Juli 2019"},"content":{"rendered":"<p>Am Sonntag, 07. Juli 2019 zwischen 11.00 Uhr und 16.30 Uhr nutzten ca. 200 interessierte Teilnehmer die Gelegenheit, mit der CDU Kempen auf den 28 Meter hohen Turm der kurk\u00f6lnischen Landesburg zu steigen.<\/p>\n<p>Aufgrund von Sicherheitsbestimmungen durfte immer nur eine begrenzte Teilnehmerzahl auf den Burgturm. So machte sich im 30-Minuten-Takt jeweils eine Gruppe von rund 15 Personen auf den Weg durch den Verwaltungstrakt der Burg, in der noch bis Anfang 2021 das Archiv des Kreises Viersen und der Stadt Kempen untergebracht ist, ehe der letzte Teil des Anstiegs \u00fcber eine steile und sehr enge Treppe auf die Burgzinnen f\u00fchrte.<\/p>\n<p>Aber die Anstrengung lohnte sich!<\/p>\n<p>Die Teilnehmen genossen einen herrlichen Blick auf Kempen und Umgebung. Die Sichtverh\u00e4ltnisse waren so gut, dass sogar der D\u00fcsseldorfer Fernsehturm war zu erkennen war.<\/p>\n<p>&#8222;Toller Ausblick, es hat sich gelohnt&#8220; war vor dem Abstieg von vielen zu h\u00f6ren.<\/p>\n<p>Die CDU Kempen wird nach M\u00f6glichkeit auch in Zukunft j\u00e4hrlich die Gelegenheit zum Aufstieg auf den Burgturm geben.<\/p>\n<p>\u00dcbrigens, F\u00fchrungen sind auch jederzeit \u00fcber das Kulturamt der Stadt Kempen buchbar.<\/p>\n<p>Es lohnt sich!!!<\/p>\n<p>&nbsp;<\/p>\n","protected":false},"excerpt":{"rendered":"<p>Am Sonntag, 07. Juli 2019 zwischen 11.00 Uhr und 16.30 Uhr nutzten ca. 200 interessierte Teilnehmer die Gelegenheit, mit der CDU Kempen auf den 28 Meter hohen Turm der kurk\u00f6lnischen Landesburg zu steigen. Aufgrund von Sicherheitsbestimmungen durfte immer nur eine begrenzte Teilnehmerzahl auf den Burgturm. So machte sich im 30-Minuten-Takt jeweils eine Gruppe von rund [&hellip;]<\/p>\n","protected":false},"author":5,"featured_media":8181,"comment_status":"closed","ping_status":"open","sticky":false,"template":"","format":"standard","meta":{"_et_pb_use_builder":"","_et_pb_old_content":"","_et_gb_content_width":"","footnotes":""},"categories":[1],"tags":[],"class_list":["post-8182","post","type-post","status-publish","format-standard","has-post-thumbnail","hentry","category-uncategorized"],"_links":{"self":[{"href":"https:\/\/cdu-kempen.de\/index.php\/wp-json\/wp\/v2\/posts\/8182"}],"collection":[{"href":"https:\/\/cdu-kempen.de\/index.php\/wp-json\/wp\/v2\/posts"}],"about":[{"href":"https:\/\/cdu-kempen.de\/index.php\/wp-json\/wp\/v2\/types\/post"}],"author":[{"embeddable":true,"href":"https:\/\/cdu-kempen.de\/index.php\/wp-json\/wp\/v2\/users\/5"}],"replies":[{"embeddable":true,"href":"https:\/\/cdu-kempen.de\/index.php\/wp-json\/wp\/v2\/comments?post=8182"}],"version-history":[{"count":4,"href":"https:\/\/cdu-kempen.de\/index.php\/wp-json\/wp\/v2\/posts\/8182\/revisions"}],"predecessor-version":[{"id":8186,"href":"https:\/\/cdu-kempen.de\/index.php\/wp-json\/wp\/v2\/posts\/8182\/revisions\/8186"}],"wp:featuredmedia":[{"embeddable":true,"href":"https:\/\/cdu-kempen.de\/index.php\/wp-json\/wp\/v2\/media\/8181"}],"wp:attachment":[{"href":"https:\/\/cdu-kempen.de\/index.php\/wp-json\/wp\/v2\/media?parent=8182"}],"wp:term":[{"taxonomy":"category","embeddable":true,"href":"https:\/\/cdu-kempen.de\/index.php\/wp-json\/wp\/v2\/categories?post=8182"},{"taxonomy":"post_tag","embeddable":true,"href":"https:\/\/cdu-kempen.de\/index.php\/wp-json\/wp\/v2\/tags?post=8182"}],"curies":[{"name":"wp","href":"https:\/\/api.w.org\/{rel}","templated":true}]}}