{"id":8187,"date":"2019-07-16T15:11:15","date_gmt":"2019-07-16T15:11:15","guid":{"rendered":"https:\/\/cdu-kempen.de\/?p=8187"},"modified":"2019-07-16T15:11:41","modified_gmt":"2019-07-16T15:11:41","slug":"bundesverdienstkreuz-fuer-margarete-mertens","status":"publish","type":"post","link":"https:\/\/cdu-kempen.de\/index.php\/bundesverdienstkreuz-fuer-margarete-mertens\/","title":{"rendered":"Bundesverdienstkreuz f\u00fcr Margarete Mertens"},"content":{"rendered":"<p>Luise Fruhen \u00fcberreicht Auszeichnung des Bundespr\u00e4sidenten an die Kempenerin.<\/p>\n<p><strong>Margarete Mertens<\/strong> aus Kempen ist Tr\u00e4gerin des Verdienstkreuzes am Bande der Bundesrepublik Deutschland. Der Bundespr\u00e4sident verlieh ihr die Auszeichnung f\u00fcr ihre Verdienste im sozialen, im politischen und kirchlichen Bereich. \u201eTief bewegt nehme ich diese Auszeichnung entgegen und teile sie mit allen, die mir in der langen Zeit ideell, finanziell und praktisch zur Seite gestanden sind\u201c, sagte Margarete Mertens sichtlich ger\u00fchrt.<\/p>\n<p>Die stellvertretende Landr\u00e4tin <strong>Luise Fruhen<\/strong> hatte der Kempenerin die Auszeichnung im Forum am Viersener Kreishaus verliehen. \u201eEs ist ein Gl\u00fccksfall, dass Sie in Ihrer Person wirtschaftliche Kenntnisse, unternehmerischen Geist und soziale F\u00fcrsorge vereinen\u201c, sagte Fruhen in Ihrer Festrede. Mertens studierte nach dem Abitur Betriebswirtschaftslehre in Freiburg und M\u00fcnster. Nach der Hochzeit und einer Auszeit f\u00fcr die Familie kehrte sie allerdings nicht mehr in die Wirtschaft zur\u00fcck, sondern begann eine zweite Karriere im Schuldienst. 1976 wurde sie Oberstudienr\u00e4tin am Berufskolleg Kempen, wie das heutige Rhein-Maas Berufskolleg in Tr\u00e4gerschaft des Kreises Viersen damals noch hie\u00df.<\/p>\n<p>Bemerkenswert ist ihr Engagement im karitativen Bereich \u2013 insbesondere f\u00fcr sozial Schw\u00e4chere: Mertens ehrenamtliches Engagement in verantwortlichen Positionen begann Ende der 1980er-Jahre mit dem Eintritt in die CDU und den Sozialdienst Katholischer Frauen SKF. In vielen Gremien und mit einigen \u00c4mtern setzte sie sich im politischen Prozess ein \u2013 unter anderem als Vorsitzende des Ausschusses f\u00fcr Soziales und Altenarbeit im Kempener Stadtrat.<\/p>\n<p>Von 1991 bis 2017 war Mertens Voristzende des SKF in Kempen. Unter Ihrer Leitung entstanden unter anderem Projekte im offenen Ganztag, das Angebot rechtlicher Betreuungen, die soziale Gruppenarbeit, die T\u00e4tigkeiten in der Altenhilfe, die Familienpatenschaften, der Einsatz f\u00fcr Frauen in Not, die Einrichtung des Freiwilligenzentrums oder das Familienzentrum im Kindergarten St. Hubert. \u201eBei Ihnen, Frau Mertens, stand stets der Mensch im Mittelpunkt. Die pers\u00f6nlichen Schicksale waren bei Ihnen gut aufgehoben. Sie nahmen sich Zeit f\u00fcr jeden einzelnen, der sich an Sie gewendet hat. Dies ist wohl das sch\u00f6nste, was man Ihnen nach jahrzehntelanger ehrenamtlicher Arbeit mit auf den Weg geben kann\u201c, sagte Fruhen bei der \u00dcbergabe des Bundesverdienstkreuzes.<\/p>\n<p>Text: (c) Kreis Viersen<\/p>\n<p>Foto: Familie Sch\u00e4fer<\/p>\n","protected":false},"excerpt":{"rendered":"<p>Luise Fruhen \u00fcberreicht Auszeichnung des Bundespr\u00e4sidenten an die Kempenerin. Margarete Mertens aus Kempen ist Tr\u00e4gerin des Verdienstkreuzes am Bande der Bundesrepublik Deutschland. Der Bundespr\u00e4sident verlieh ihr die Auszeichnung f\u00fcr ihre Verdienste im sozialen, im politischen und kirchlichen Bereich. \u201eTief bewegt nehme ich diese Auszeichnung entgegen und teile sie mit allen, die mir in der langen [&hellip;]<\/p>\n","protected":false},"author":6,"featured_media":8188,"comment_status":"closed","ping_status":"open","sticky":false,"template":"","format":"standard","meta":{"_et_pb_use_builder":"","_et_pb_old_content":"","_et_gb_content_width":"","footnotes":""},"categories":[1],"tags":[],"class_list":["post-8187","post","type-post","status-publish","format-standard","has-post-thumbnail","hentry","category-uncategorized"],"_links":{"self":[{"href":"https:\/\/cdu-kempen.de\/index.php\/wp-json\/wp\/v2\/posts\/8187"}],"collection":[{"href":"https:\/\/cdu-kempen.de\/index.php\/wp-json\/wp\/v2\/posts"}],"about":[{"href":"https:\/\/cdu-kempen.de\/index.php\/wp-json\/wp\/v2\/types\/post"}],"author":[{"embeddable":true,"href":"https:\/\/cdu-kempen.de\/index.php\/wp-json\/wp\/v2\/users\/6"}],"replies":[{"embeddable":true,"href":"https:\/\/cdu-kempen.de\/index.php\/wp-json\/wp\/v2\/comments?post=8187"}],"version-history":[{"count":2,"href":"https:\/\/cdu-kempen.de\/index.php\/wp-json\/wp\/v2\/posts\/8187\/revisions"}],"predecessor-version":[{"id":8190,"href":"https:\/\/cdu-kempen.de\/index.php\/wp-json\/wp\/v2\/posts\/8187\/revisions\/8190"}],"wp:featuredmedia":[{"embeddable":true,"href":"https:\/\/cdu-kempen.de\/index.php\/wp-json\/wp\/v2\/media\/8188"}],"wp:attachment":[{"href":"https:\/\/cdu-kempen.de\/index.php\/wp-json\/wp\/v2\/media?parent=8187"}],"wp:term":[{"taxonomy":"category","embeddable":true,"href":"https:\/\/cdu-kempen.de\/index.php\/wp-json\/wp\/v2\/categories?post=8187"},{"taxonomy":"post_tag","embeddable":true,"href":"https:\/\/cdu-kempen.de\/index.php\/wp-json\/wp\/v2\/tags?post=8187"}],"curies":[{"name":"wp","href":"https:\/\/api.w.org\/{rel}","templated":true}]}}