{"id":8193,"date":"2019-07-16T15:16:07","date_gmt":"2019-07-16T15:16:07","guid":{"rendered":"https:\/\/cdu-kempen.de\/?p=8193"},"modified":"2019-07-16T15:16:07","modified_gmt":"2019-07-16T15:16:07","slug":"cdu-will-ausbildungsstellen-erhoehen","status":"publish","type":"post","link":"https:\/\/cdu-kempen.de\/index.php\/cdu-will-ausbildungsstellen-erhoehen\/","title":{"rendered":"CDU will Ausbildungsstellen erh\u00f6hen"},"content":{"rendered":"<p>Die CDU-Fraktion hat beantragt, das Ausbildungsangebot der Stadt Kempen deutlich zu erweitern.<\/p>\n<p>Neben den verwaltungseigenen Ausbildungsg\u00e4ngen im gehobenen und mittleren Verwaltungsdienst sollen eigene Ausbildungen zum Fachinformatiker der Fachrichtung Systemintegration und zum Fachangestellten f\u00fcr Medien und Informationsdienste in der Stadtbibliothek angeboten werden.<\/p>\n<p>Dar\u00fcber hinaus setzt sich die CDU f\u00fcr eine Erh\u00f6hung der Ausbildungsstellen f\u00fcr G\u00e4rtner im Garten- und Landschaftsbau ein.<\/p>\n<p>Der Pflege des Baumbestandes und der Gr\u00fcnfl\u00e4chen kommt eine zunehmend h\u00f6here Bedeutung und Arbeitsintensit\u00e4t zu. Es sollten alle Anstrengungen unternommen werden, den Personalbedarf aus eigenem \u201eNachwuchs\u201c zu decken und eine fr\u00fchzeitige Personalbindung zu erreichen.<\/p>\n<p>Ebenso will die CDU die Stellen in der \u201ePraxisintegrierte Erzieherausbildung\u201c deutlich erh\u00f6hen.<\/p>\n<p>Die CDU-Fraktion sieht in der praxisintegrierten Erzieherausbildung eine Chance, den dringend notwendigen Bedarf an Erziehern bzw. Erzieherinnen durch Einstellungen bereits im Ausbildungsverh\u00e4ltnis und eine damit verbundene fr\u00fchzeitige Bindung zumindest teilweise zu decken.<\/p>\n<p>Die CDU-Fraktion verfolgt das Ziel, in jeder st\u00e4dtischen Kindertagesst\u00e4tte zumindest einen Ausbildungsplatz f\u00fcr Erzieher\/innen einzurichten.<\/p>\n<p>Gut ausgebildetes Personal zu finden, wird eine unserer gr\u00f6\u00dften Herausforderungen der Zukunft sein. Es erscheint uns daher wichtig, fr\u00fchzeitig eigenes Personal auszubilden und so dem Fachkr\u00e4ftemangel entgegenzuwirken.<\/p>\n<p><a href=\"https:\/\/cdu-kempen.de\/wp-content\/uploads\/2019\/07\/CDU-Antrag-Ausbildungsstellen-2020.pdf\">CDU Antrag Ausbildungsstellen 2020<\/a><\/p>\n","protected":false},"excerpt":{"rendered":"<p>Die CDU-Fraktion hat beantragt, das Ausbildungsangebot der Stadt Kempen deutlich zu erweitern. Neben den verwaltungseigenen Ausbildungsg\u00e4ngen im gehobenen und mittleren Verwaltungsdienst sollen eigene Ausbildungen zum Fachinformatiker der Fachrichtung Systemintegration und zum Fachangestellten f\u00fcr Medien und Informationsdienste in der Stadtbibliothek angeboten werden. Dar\u00fcber hinaus setzt sich die CDU f\u00fcr eine Erh\u00f6hung der Ausbildungsstellen f\u00fcr G\u00e4rtner im [&hellip;]<\/p>\n","protected":false},"author":6,"featured_media":41,"comment_status":"closed","ping_status":"open","sticky":false,"template":"","format":"standard","meta":{"_et_pb_use_builder":"","_et_pb_old_content":"","_et_gb_content_width":"","footnotes":""},"categories":[1],"tags":[],"class_list":["post-8193","post","type-post","status-publish","format-standard","has-post-thumbnail","hentry","category-uncategorized"],"_links":{"self":[{"href":"https:\/\/cdu-kempen.de\/index.php\/wp-json\/wp\/v2\/posts\/8193"}],"collection":[{"href":"https:\/\/cdu-kempen.de\/index.php\/wp-json\/wp\/v2\/posts"}],"about":[{"href":"https:\/\/cdu-kempen.de\/index.php\/wp-json\/wp\/v2\/types\/post"}],"author":[{"embeddable":true,"href":"https:\/\/cdu-kempen.de\/index.php\/wp-json\/wp\/v2\/users\/6"}],"replies":[{"embeddable":true,"href":"https:\/\/cdu-kempen.de\/index.php\/wp-json\/wp\/v2\/comments?post=8193"}],"version-history":[{"count":1,"href":"https:\/\/cdu-kempen.de\/index.php\/wp-json\/wp\/v2\/posts\/8193\/revisions"}],"predecessor-version":[{"id":8194,"href":"https:\/\/cdu-kempen.de\/index.php\/wp-json\/wp\/v2\/posts\/8193\/revisions\/8194"}],"wp:featuredmedia":[{"embeddable":true,"href":"https:\/\/cdu-kempen.de\/index.php\/wp-json\/wp\/v2\/media\/41"}],"wp:attachment":[{"href":"https:\/\/cdu-kempen.de\/index.php\/wp-json\/wp\/v2\/media?parent=8193"}],"wp:term":[{"taxonomy":"category","embeddable":true,"href":"https:\/\/cdu-kempen.de\/index.php\/wp-json\/wp\/v2\/categories?post=8193"},{"taxonomy":"post_tag","embeddable":true,"href":"https:\/\/cdu-kempen.de\/index.php\/wp-json\/wp\/v2\/tags?post=8193"}],"curies":[{"name":"wp","href":"https:\/\/api.w.org\/{rel}","templated":true}]}}