{"id":8199,"date":"2019-08-01T17:15:15","date_gmt":"2019-08-01T17:15:15","guid":{"rendered":"https:\/\/cdu-kempen.de\/?p=8199"},"modified":"2019-08-01T17:16:25","modified_gmt":"2019-08-01T17:16:25","slug":"kempener-cdu-fraktionsmitglieder-spenden-mobile-bewaesserungssaecke","status":"publish","type":"post","link":"https:\/\/cdu-kempen.de\/index.php\/kempener-cdu-fraktionsmitglieder-spenden-mobile-bewaesserungssaecke\/","title":{"rendered":"Kempener CDU-Fraktion spendet mobile Bew\u00e4sserungss\u00e4cke"},"content":{"rendered":"<p>Eine Vielzahl an B\u00e4umen mussten bereits in diesem Jahr aufgrund des extremen Hitzesommers 2018 und durch anhaltende Trockenheit in diesem Jahr gef\u00e4llt werden. Die CDU-Fraktion hat f\u00fcr die n\u00e4chste Sitzung des Umwelt-, Planungs- und Klimaschutzausschusses einen entsprechenden Antrag f\u00fcr ein Nachpflanzungskonzept f\u00fcr die bereits gef\u00e4llten und noch in den n\u00e4chsten Monaten zu f\u00e4llenden B\u00e4ume gestellt. Es ist wichtig, insbesondere Jungb\u00e4ume mit ausreichend Wasser zu versorgen. Mobile Bew\u00e4sserungss\u00e4cke unterst\u00fctzen dies. Nach der Wasserbef\u00fcllung wird kontinuierlich \u00fcber viele Stunden das Wasser gezielt abgegeben. Die CDU-Fraktion hat sich spontan entschlossen, mobile Bew\u00e4sserungss\u00e4cke zu spenden, um aktiv zum Erhalt der B\u00e4ume beizutragen. Die Bew\u00e4sserungss\u00e4cke werden in den verschiedenen Ortsteilen installiert.<\/p>\n","protected":false},"excerpt":{"rendered":"<p>Eine Vielzahl an B\u00e4umen mussten bereits in diesem Jahr aufgrund des extremen Hitzesommers 2018 und durch anhaltende Trockenheit in diesem Jahr gef\u00e4llt werden. Die CDU-Fraktion hat f\u00fcr die n\u00e4chste Sitzung des Umwelt-, Planungs- und Klimaschutzausschusses einen entsprechenden Antrag f\u00fcr ein Nachpflanzungskonzept f\u00fcr die bereits gef\u00e4llten und noch in den n\u00e4chsten Monaten zu f\u00e4llenden B\u00e4ume gestellt. [&hellip;]<\/p>\n","protected":false},"author":6,"featured_media":8200,"comment_status":"closed","ping_status":"open","sticky":false,"template":"","format":"standard","meta":{"_et_pb_use_builder":"","_et_pb_old_content":"","_et_gb_content_width":"","footnotes":""},"categories":[1],"tags":[],"class_list":["post-8199","post","type-post","status-publish","format-standard","has-post-thumbnail","hentry","category-uncategorized"],"_links":{"self":[{"href":"https:\/\/cdu-kempen.de\/index.php\/wp-json\/wp\/v2\/posts\/8199"}],"collection":[{"href":"https:\/\/cdu-kempen.de\/index.php\/wp-json\/wp\/v2\/posts"}],"about":[{"href":"https:\/\/cdu-kempen.de\/index.php\/wp-json\/wp\/v2\/types\/post"}],"author":[{"embeddable":true,"href":"https:\/\/cdu-kempen.de\/index.php\/wp-json\/wp\/v2\/users\/6"}],"replies":[{"embeddable":true,"href":"https:\/\/cdu-kempen.de\/index.php\/wp-json\/wp\/v2\/comments?post=8199"}],"version-history":[{"count":2,"href":"https:\/\/cdu-kempen.de\/index.php\/wp-json\/wp\/v2\/posts\/8199\/revisions"}],"predecessor-version":[{"id":8202,"href":"https:\/\/cdu-kempen.de\/index.php\/wp-json\/wp\/v2\/posts\/8199\/revisions\/8202"}],"wp:featuredmedia":[{"embeddable":true,"href":"https:\/\/cdu-kempen.de\/index.php\/wp-json\/wp\/v2\/media\/8200"}],"wp:attachment":[{"href":"https:\/\/cdu-kempen.de\/index.php\/wp-json\/wp\/v2\/media?parent=8199"}],"wp:term":[{"taxonomy":"category","embeddable":true,"href":"https:\/\/cdu-kempen.de\/index.php\/wp-json\/wp\/v2\/categories?post=8199"},{"taxonomy":"post_tag","embeddable":true,"href":"https:\/\/cdu-kempen.de\/index.php\/wp-json\/wp\/v2\/tags?post=8199"}],"curies":[{"name":"wp","href":"https:\/\/api.w.org\/{rel}","templated":true}]}}