{"id":8278,"date":"2019-09-05T20:53:53","date_gmt":"2019-09-05T20:53:53","guid":{"rendered":"https:\/\/cdu-kempen.de\/?p=8278"},"modified":"2019-10-13T13:16:31","modified_gmt":"2019-10-13T13:16:31","slug":"philipp-kraft-steht-fuer-buergermeisterkandidatur-bereit","status":"publish","type":"post","link":"https:\/\/cdu-kempen.de\/index.php\/philipp-kraft-steht-fuer-buergermeisterkandidatur-bereit\/","title":{"rendered":"Philipp Kraft steht f\u00fcr B\u00fcrgermeisterkandidatur bereit"},"content":{"rendered":"<p class=\"western\" align=\"center\"><span style=\"font-family: CDU Kievit Tab, serif;\"><span style=\"font-size: medium;\"><b>Einstimmige Nominierung durch den Vorstand des CDU Stadtverbandes <\/b><\/span><\/span><\/p>\n<p class=\"western\" align=\"justify\"><span style=\"font-family: CDU Kievit Tab, serif;\">Einstimmig \u2013 der Vorstand des CDU-Stadtverbandes Kempen steht geschlossen hinter ihrem Vorsitzenden Philipp Kraft, der seine Bereitschaft erkl\u00e4rt hat, f\u00fcr das Amt des B\u00fcrgermeisters in Kempen zu kandidieren. Die Vorsitzenden der Fraktion, Ortsausch\u00fcsse und Vereinigungen sicherten ihm auf der erweiterten Vorstandsitzung am 05. September ebenfalls ihre volle Unterst\u00fctzung zu. Auf die Nominierung folgt nun eine Mitgliederversammlung des CDU Stadtverbandes, die f\u00fcr den 10. Oktober 2019 geplant ist und auf der die B\u00fcrgermeisterkandidatur offiziell beschlossen werden soll. <\/span><\/p>\n<p class=\"western\" align=\"justify\">\u201e<span style=\"font-family: CDU Kievit Tab, serif;\">Das ist ein wichtiges und tolles Signal f\u00fcr Kempen und unsere Mitb\u00fcrgerinnen und Mitb\u00fcrger\u201c, freut sich Gerd-Wilhelm-St\u00fcckemann, stellvertretender Vorsitzender des CDU-Stadtverbandes. \u201eMit Philipp Kraft steht ein Kandidat f\u00fcr das wichtige Amt des B\u00fcrgermeisters bereit, der im pers\u00f6nlichen Umgang mit den Menschen und durch seine beruflich bzw. politisch erworbenen Kompetenzen \u00fcberzeugt.\u201c <\/span><\/p>\n<p class=\"western\" align=\"justify\">\u201e<span style=\"font-family: CDU Kievit Tab, serif;\">Es ist mir eine Herzensangelegenheit\u201c, begr\u00fcndet Philipp Kraft seine Entscheidung f\u00fcr die Kandidatur. \u201eF\u00fcr die hier wohnhaften Menschen und angesiedelten Unternehmen Kempen, St. Hubert, T\u00f6nisberg und Schmalbroich\/Unterweiden als B\u00fcrgermeister an ma\u00dfgeblicher Stelle zukunftsf\u00e4hig und lebenswert weiterzuentwickeln, ist eine gro\u00dfartige Aufgabe, der ich mich sehr gerne stellen will. Ich stehe bereit, diese Verantwortung zu \u00fcbernehmen.\u201c<\/span><b> <\/b><\/p>\n<p class=\"western\" align=\"justify\"><span style=\"font-family: CDU Kievit Tab, serif;\">Ob auch noch andere politische Parteien in Kempen die Kandidatur von Philipp Kraft m\u00f6glicherweise unterst\u00fctzen, werde man in den kommenden Wochen ausloten und entsprechenden Kontakt aufnehmen.<\/p>\n<p><\/span><\/p>\n<p class=\"western\"><span style=\"font-family: CDU Kievit Tab, serif;\"><span style=\"font-size: x-large;\"><b>Zur Person<\/p>\n<p><\/b><\/span><\/span><span style=\"font-family: CDU Kievit Tab, serif;\"><span style=\"font-size: x-large;\"><b>Philipp Kraft<\/b><\/span><\/span><\/p>\n<p class=\"western\" align=\"justify\"><span style=\"font-family: CDU Kievit Tab, serif;\">Philipp Kraft ist 45 Jahre alt, wuchs in Kempen auf und lebt heute mit Frau, Sohn und Tochter im Kempener S\u00fcden.<\/span><\/p>\n<p class=\"western\"><span style=\"font-family: CDU Kievit Tab, serif;\"><b>Politisch<\/b><\/span><\/p>\n<p class=\"western\" align=\"justify\"><span style=\"font-family: CDU Kievit Tab, serif;\">Seit 1998 CDU-Mitglied, engagierte sich Kraft zun\u00e4chst w\u00e4hrend des Studiums in Hamburg bei der Jungen Union als Landesdelegierter und Bezirksvorsitzender. Zwischen 2004 und 2010 war er als Ratsmitglied und auch stellvertretender Stadtverbandsvorsitzender (2005 bis 2009) in seinem zwischenzeitlichen Wohnort Neukirchen-Vluyn aktiv. Schon 2012 wurde er dann Beisitzer im Vorstand der Kempener CDU und 2014 in den Kreistag gew\u00e4hlt. Beruflich zwischenzeitlich an einen Standort in S\u00fcddeutschland abgeordnet, legte Kraft das Mandat deshalb nieder. Im September 2018 w\u00e4hlte ihn die Kempener CDU zu ihrem Vorsitzenden. <\/span><\/p>\n<p class=\"western\"><span style=\"font-family: CDU Kievit Tab, serif;\"><b>Beruflich<\/b><\/span><\/p>\n<p class=\"western\" align=\"justify\"><span style=\"font-family: CDU Kievit Tab, serif;\">Philipp Kraft studierte an der Bundeswehr-Universit\u00e4t in Hamburg Politik und erhielt sp\u00e4ter zudem ein BWL-Zertifikat der FernUniversit\u00e4t in Hagen. Er war als Zeitsoldat Offizier bei der Bundeswehr, arbeitete in dieser Zeit u. a. als Referent in der CDU-CSU-Arbeitsgruppe Verteidigung im Bundestag mit und leitete das B\u00fcro f\u00fcr \u00d6ffentlichkeitsarbeit der Bundeswehr in D\u00fcsseldorf. Beruflich machte Philipp Kraft dann in der Privatwirtschaft in verschiedenen F\u00fchrungsfunktionen im Vertrieb und Personalwesen weiter Karriere. Heute ist er Senior-Personalmanager beim Weltkonzern 3M am Hauptverwaltungsstandort der Central Europe Region in Neuss und verantwortet dort die gr\u00f6\u00dfte Abteilung im Personalbereich f\u00fcr diese Region. <\/span><\/p>\n","protected":false},"excerpt":{"rendered":"<p>Einstimmige Nominierung durch den Vorstand des CDU Stadtverbandes Einstimmig \u2013 der Vorstand des CDU-Stadtverbandes Kempen steht geschlossen hinter ihrem Vorsitzenden Philipp Kraft, der seine Bereitschaft erkl\u00e4rt hat, f\u00fcr das Amt des B\u00fcrgermeisters in Kempen zu kandidieren. Die Vorsitzenden der Fraktion, Ortsausch\u00fcsse und Vereinigungen sicherten ihm auf der erweiterten Vorstandsitzung am 05. September ebenfalls ihre volle [&hellip;]<\/p>\n","protected":false},"author":5,"featured_media":8274,"comment_status":"closed","ping_status":"open","sticky":false,"template":"","format":"standard","meta":{"_et_pb_use_builder":"","_et_pb_old_content":"","_et_gb_content_width":"","footnotes":""},"categories":[1],"tags":[],"class_list":["post-8278","post","type-post","status-publish","format-standard","has-post-thumbnail","hentry","category-uncategorized"],"_links":{"self":[{"href":"https:\/\/cdu-kempen.de\/index.php\/wp-json\/wp\/v2\/posts\/8278"}],"collection":[{"href":"https:\/\/cdu-kempen.de\/index.php\/wp-json\/wp\/v2\/posts"}],"about":[{"href":"https:\/\/cdu-kempen.de\/index.php\/wp-json\/wp\/v2\/types\/post"}],"author":[{"embeddable":true,"href":"https:\/\/cdu-kempen.de\/index.php\/wp-json\/wp\/v2\/users\/5"}],"replies":[{"embeddable":true,"href":"https:\/\/cdu-kempen.de\/index.php\/wp-json\/wp\/v2\/comments?post=8278"}],"version-history":[{"count":3,"href":"https:\/\/cdu-kempen.de\/index.php\/wp-json\/wp\/v2\/posts\/8278\/revisions"}],"predecessor-version":[{"id":8281,"href":"https:\/\/cdu-kempen.de\/index.php\/wp-json\/wp\/v2\/posts\/8278\/revisions\/8281"}],"wp:featuredmedia":[{"embeddable":true,"href":"https:\/\/cdu-kempen.de\/index.php\/wp-json\/wp\/v2\/media\/8274"}],"wp:attachment":[{"href":"https:\/\/cdu-kempen.de\/index.php\/wp-json\/wp\/v2\/media?parent=8278"}],"wp:term":[{"taxonomy":"category","embeddable":true,"href":"https:\/\/cdu-kempen.de\/index.php\/wp-json\/wp\/v2\/categories?post=8278"},{"taxonomy":"post_tag","embeddable":true,"href":"https:\/\/cdu-kempen.de\/index.php\/wp-json\/wp\/v2\/tags?post=8278"}],"curies":[{"name":"wp","href":"https:\/\/api.w.org\/{rel}","templated":true}]}}