{"id":8293,"date":"2019-09-12T14:39:36","date_gmt":"2019-09-12T14:39:36","guid":{"rendered":"https:\/\/cdu-kempen.de\/?p=8293"},"modified":"2019-09-12T16:27:15","modified_gmt":"2019-09-12T16:27:15","slug":"staffeluebergabe-bei-der-cdu-fraktion-kempen","status":"publish","type":"post","link":"https:\/\/cdu-kempen.de\/index.php\/staffeluebergabe-bei-der-cdu-fraktion-kempen\/","title":{"rendered":"Staffel\u00fcbergabe bei der CDU-Fraktion Kempen"},"content":{"rendered":"<p>Der Vorsitzende der CDU-Fraktion im Rat der Stadt Kempen Wilfried Bogedain und sein Stellvertreter J\u00fcrgen Klement haben den Weg frei gemacht f\u00fcr einen Wechsel im Fraktionsvorstand.<\/p>\n<p>In der j\u00fcngsten Fraktionssitzung wurde mit gro\u00dfem Einvernehmen ein Teil des Fraktionsvorstands zum 01.10.2019 neu gew\u00e4hlt.<br \/>\nDas neue Vorstandsteam wird die CDU-Fraktion in das Wahljahr 2020 f\u00fchren. \u201eIch kandidiere nicht mehr f\u00fcr die Kommunalwahl 2020 und habe immer deutlich gemacht, dass mir daran gelegen ist, den Fraktionsvorsitz schon in der laufenden Amtszeit weiterzugeben. Ich selbst habe die Erfah-rung gemacht, dass ein vorzeitiger, geordneter \u00dcbergang sinnvoll ist\u201c, so Wilfried Bogedain. Dem stimmt auch der scheidende stellvertretende Vorsitzende J\u00fcrgen Klement zu.<\/p>\n<p>Fraktionsvorsitzender wurde Jochen Herbst, der nun fast 30 Jahre Mitglied im Rat ist und gro\u00dfe Erfahrung in allen Aussch\u00fcssen mitbringt. Jochen Herbst: \u201eMit Optimismus und gro\u00dfer Entschlossenheit nehme ich die Herausforderung an.\u201c<\/p>\n<p>Einer der zwei stellvertretenden Vorsitzenden wurde Gerd-Wilhelm St\u00fcckemann, der sich besonders im Ju-gendhilfeausschuss sowie im Schul- als auch im Ausschuss f\u00fcr Umwelt, Planung und Klimaschutz Verdiens-te erworben hat. Gerd-Wilhelm St\u00fcckemann: \u201eWir werden die anstehenden Themen sachorientiert und mit dem Blick auf lang-fristige Entwicklungen voranbringen.&#8220;<\/p>\n<p>Neue Beisitzerin ist Steffi Beyss, die ebenso wie St\u00fcckemann seit \u00fcber 10 Jahren f\u00fcr die CDU im Rat vertre-ten ist. Steffi Beyss ist stellvertretende Vorsitzende des Ausschusses f\u00fcr Umwelt, Planung und Klimaschutz, in dem jetzt viele bedeutende und zukunftsweisende Projekte auf den Weg gebracht werden m\u00fcssen.<\/p>\n<p>Unver\u00e4ndert geh\u00f6ren Peter Fischer als stellvertretender Vorsitzender und die Gesch\u00e4ftsf\u00fchrerin Heike H\u00f6ltken dem Vorstand der CDU-Fraktion Kempen an.<\/p>\n","protected":false},"excerpt":{"rendered":"<p>Der Vorsitzende der CDU-Fraktion im Rat der Stadt Kempen Wilfried Bogedain und sein Stellvertreter J\u00fcrgen Klement haben den Weg frei gemacht f\u00fcr einen Wechsel im Fraktionsvorstand. In der j\u00fcngsten Fraktionssitzung wurde mit gro\u00dfem Einvernehmen ein Teil des Fraktionsvorstands zum 01.10.2019 neu gew\u00e4hlt. Das neue Vorstandsteam wird die CDU-Fraktion in das Wahljahr 2020 f\u00fchren. \u201eIch kandidiere [&hellip;]<\/p>\n","protected":false},"author":6,"featured_media":8294,"comment_status":"closed","ping_status":"open","sticky":false,"template":"","format":"standard","meta":{"_et_pb_use_builder":"","_et_pb_old_content":"","_et_gb_content_width":"","footnotes":""},"categories":[1],"tags":[],"class_list":["post-8293","post","type-post","status-publish","format-standard","has-post-thumbnail","hentry","category-uncategorized"],"_links":{"self":[{"href":"https:\/\/cdu-kempen.de\/index.php\/wp-json\/wp\/v2\/posts\/8293"}],"collection":[{"href":"https:\/\/cdu-kempen.de\/index.php\/wp-json\/wp\/v2\/posts"}],"about":[{"href":"https:\/\/cdu-kempen.de\/index.php\/wp-json\/wp\/v2\/types\/post"}],"author":[{"embeddable":true,"href":"https:\/\/cdu-kempen.de\/index.php\/wp-json\/wp\/v2\/users\/6"}],"replies":[{"embeddable":true,"href":"https:\/\/cdu-kempen.de\/index.php\/wp-json\/wp\/v2\/comments?post=8293"}],"version-history":[{"count":4,"href":"https:\/\/cdu-kempen.de\/index.php\/wp-json\/wp\/v2\/posts\/8293\/revisions"}],"predecessor-version":[{"id":8298,"href":"https:\/\/cdu-kempen.de\/index.php\/wp-json\/wp\/v2\/posts\/8293\/revisions\/8298"}],"wp:featuredmedia":[{"embeddable":true,"href":"https:\/\/cdu-kempen.de\/index.php\/wp-json\/wp\/v2\/media\/8294"}],"wp:attachment":[{"href":"https:\/\/cdu-kempen.de\/index.php\/wp-json\/wp\/v2\/media?parent=8293"}],"wp:term":[{"taxonomy":"category","embeddable":true,"href":"https:\/\/cdu-kempen.de\/index.php\/wp-json\/wp\/v2\/categories?post=8293"},{"taxonomy":"post_tag","embeddable":true,"href":"https:\/\/cdu-kempen.de\/index.php\/wp-json\/wp\/v2\/tags?post=8293"}],"curies":[{"name":"wp","href":"https:\/\/api.w.org\/{rel}","templated":true}]}}