{"id":8307,"date":"2019-09-26T13:59:52","date_gmt":"2019-09-26T13:59:52","guid":{"rendered":"https:\/\/cdu-kempen.de\/?p=8307"},"modified":"2019-09-26T14:02:17","modified_gmt":"2019-09-26T14:02:17","slug":"frauen-union-besucht-das-hpz-in-kempen","status":"publish","type":"post","link":"https:\/\/cdu-kempen.de\/index.php\/frauen-union-besucht-das-hpz-in-kempen\/","title":{"rendered":"Frauen Union besucht das HPZ in Kempen"},"content":{"rendered":"<p>Gemeinsam mit dem B\u00fcrgermeisterkandidaten der CDU Kempen <strong>Philipp Kraft <\/strong>und dem Landtagsabgeordneten <strong>Dr. Marcus Optendrenk<\/strong> hat die Frauen Union der CDU Kempen das Heilp\u00e4dagogische Zentrum Krefeld gGmbH in Kempen besucht. Die Politiker haben sich \u00fcber die Aufgaben und die Arbeiten in den Werkst\u00e4tten des HPZ informiert. Die berufliche und soziale Eingliederung, die F\u00f6rderung, Betreuung und Pflege entwicklungsverz\u00f6gerter, behinderter oder psychisch kranker Menschen bilden den Mittelpunkt der Arbeit des Heilp\u00e4dagogischen Zentrums.<\/p>\n","protected":false},"excerpt":{"rendered":"<p>Gemeinsam mit dem B\u00fcrgermeisterkandidaten der CDU Kempen Philipp Kraft und dem Landtagsabgeordneten Dr. Marcus Optendrenk hat die Frauen Union der CDU Kempen das Heilp\u00e4dagogische Zentrum Krefeld gGmbH in Kempen besucht. Die Politiker haben sich \u00fcber die Aufgaben und die Arbeiten in den Werkst\u00e4tten des HPZ informiert. Die berufliche und soziale Eingliederung, die F\u00f6rderung, Betreuung und [&hellip;]<\/p>\n","protected":false},"author":6,"featured_media":8308,"comment_status":"closed","ping_status":"open","sticky":false,"template":"","format":"standard","meta":{"_et_pb_use_builder":"","_et_pb_old_content":"","_et_gb_content_width":"","footnotes":""},"categories":[1],"tags":[],"class_list":["post-8307","post","type-post","status-publish","format-standard","has-post-thumbnail","hentry","category-uncategorized"],"_links":{"self":[{"href":"https:\/\/cdu-kempen.de\/index.php\/wp-json\/wp\/v2\/posts\/8307"}],"collection":[{"href":"https:\/\/cdu-kempen.de\/index.php\/wp-json\/wp\/v2\/posts"}],"about":[{"href":"https:\/\/cdu-kempen.de\/index.php\/wp-json\/wp\/v2\/types\/post"}],"author":[{"embeddable":true,"href":"https:\/\/cdu-kempen.de\/index.php\/wp-json\/wp\/v2\/users\/6"}],"replies":[{"embeddable":true,"href":"https:\/\/cdu-kempen.de\/index.php\/wp-json\/wp\/v2\/comments?post=8307"}],"version-history":[{"count":3,"href":"https:\/\/cdu-kempen.de\/index.php\/wp-json\/wp\/v2\/posts\/8307\/revisions"}],"predecessor-version":[{"id":8311,"href":"https:\/\/cdu-kempen.de\/index.php\/wp-json\/wp\/v2\/posts\/8307\/revisions\/8311"}],"wp:featuredmedia":[{"embeddable":true,"href":"https:\/\/cdu-kempen.de\/index.php\/wp-json\/wp\/v2\/media\/8308"}],"wp:attachment":[{"href":"https:\/\/cdu-kempen.de\/index.php\/wp-json\/wp\/v2\/media?parent=8307"}],"wp:term":[{"taxonomy":"category","embeddable":true,"href":"https:\/\/cdu-kempen.de\/index.php\/wp-json\/wp\/v2\/categories?post=8307"},{"taxonomy":"post_tag","embeddable":true,"href":"https:\/\/cdu-kempen.de\/index.php\/wp-json\/wp\/v2\/tags?post=8307"}],"curies":[{"name":"wp","href":"https:\/\/api.w.org\/{rel}","templated":true}]}}