{"id":8329,"date":"2019-10-12T16:40:58","date_gmt":"2019-10-12T16:40:58","guid":{"rendered":"https:\/\/cdu-kempen.de\/?p=8329"},"modified":"2019-10-12T16:40:58","modified_gmt":"2019-10-12T16:40:58","slug":"30-jahre-zugehoerigkeit-im-rat-der-stadt-kempen","status":"publish","type":"post","link":"https:\/\/cdu-kempen.de\/index.php\/30-jahre-zugehoerigkeit-im-rat-der-stadt-kempen\/","title":{"rendered":"30 Jahre Zugeh\u00f6rigkeit im Rat der Stadt Kempen"},"content":{"rendered":"<p>In der Ratssitzung am 08.10.2019 sind Hans-Peter van derBloemen, Peter Fischer und Jochen Herbst f\u00fcr ihre 30j\u00e4hrige Ratsmitgliedschaft geehrt worden.<\/p>\n<p>Hans-Peter van der Bloemen ist der 3. stellvertretende B\u00fcrgermeister der Stadt Kempen. Peter Fischer ist stellvertretender Fraktionsvorsitzender der CDU-Fraktion Kempen und Vorsitzender der CDU-Kreistagsfraktion. Jochen Herst ist der Vorsitzende der CDU-Fraktion Kempen.<\/p>\n<p>&nbsp;<\/p>\n","protected":false},"excerpt":{"rendered":"<p>In der Ratssitzung am 08.10.2019 sind Hans-Peter van derBloemen, Peter Fischer und Jochen Herbst f\u00fcr ihre 30j\u00e4hrige Ratsmitgliedschaft geehrt worden. Hans-Peter van der Bloemen ist der 3. stellvertretende B\u00fcrgermeister der Stadt Kempen. Peter Fischer ist stellvertretender Fraktionsvorsitzender der CDU-Fraktion Kempen und Vorsitzender der CDU-Kreistagsfraktion. Jochen Herst ist der Vorsitzende der CDU-Fraktion Kempen. &nbsp;<\/p>\n","protected":false},"author":6,"featured_media":8334,"comment_status":"closed","ping_status":"open","sticky":false,"template":"","format":"standard","meta":{"_et_pb_use_builder":"","_et_pb_old_content":"","_et_gb_content_width":"","footnotes":""},"categories":[1],"tags":[],"class_list":["post-8329","post","type-post","status-publish","format-standard","has-post-thumbnail","hentry","category-uncategorized"],"_links":{"self":[{"href":"https:\/\/cdu-kempen.de\/index.php\/wp-json\/wp\/v2\/posts\/8329"}],"collection":[{"href":"https:\/\/cdu-kempen.de\/index.php\/wp-json\/wp\/v2\/posts"}],"about":[{"href":"https:\/\/cdu-kempen.de\/index.php\/wp-json\/wp\/v2\/types\/post"}],"author":[{"embeddable":true,"href":"https:\/\/cdu-kempen.de\/index.php\/wp-json\/wp\/v2\/users\/6"}],"replies":[{"embeddable":true,"href":"https:\/\/cdu-kempen.de\/index.php\/wp-json\/wp\/v2\/comments?post=8329"}],"version-history":[{"count":1,"href":"https:\/\/cdu-kempen.de\/index.php\/wp-json\/wp\/v2\/posts\/8329\/revisions"}],"predecessor-version":[{"id":8335,"href":"https:\/\/cdu-kempen.de\/index.php\/wp-json\/wp\/v2\/posts\/8329\/revisions\/8335"}],"wp:featuredmedia":[{"embeddable":true,"href":"https:\/\/cdu-kempen.de\/index.php\/wp-json\/wp\/v2\/media\/8334"}],"wp:attachment":[{"href":"https:\/\/cdu-kempen.de\/index.php\/wp-json\/wp\/v2\/media?parent=8329"}],"wp:term":[{"taxonomy":"category","embeddable":true,"href":"https:\/\/cdu-kempen.de\/index.php\/wp-json\/wp\/v2\/categories?post=8329"},{"taxonomy":"post_tag","embeddable":true,"href":"https:\/\/cdu-kempen.de\/index.php\/wp-json\/wp\/v2\/tags?post=8329"}],"curies":[{"name":"wp","href":"https:\/\/api.w.org\/{rel}","templated":true}]}}