{"id":8336,"date":"2019-10-12T17:56:24","date_gmt":"2019-10-12T17:56:24","guid":{"rendered":"https:\/\/cdu-kempen.de\/?p=8336"},"modified":"2019-10-12T17:56:56","modified_gmt":"2019-10-12T17:56:56","slug":"gemeinsame-pressemitteilung-der-fraktionen-von-cdu-fdp-und-linke-im-kempener-stadtrat","status":"publish","type":"post","link":"https:\/\/cdu-kempen.de\/index.php\/gemeinsame-pressemitteilung-der-fraktionen-von-cdu-fdp-und-linke-im-kempener-stadtrat\/","title":{"rendered":"Gemeinsame Pressemitteilung der Fraktionen von CDU, FDP und Linke im  Kempener Stadtrat"},"content":{"rendered":"<p>\u201eDie Fraktionen von CDU, FDP und DIE LINKE im Kempener Stadtrat missbilligen die pers\u00f6nliche Herabw\u00fcrdigung ihrer Ratsmitglieder durch die Stellungnahme der Fraktion von B\u00fcndnis 90\/ Die Gr\u00fcnen vom 10.10.2019. Die Arbeit engagierter Politiker im Ehrenamt, die tagt\u00e4glich im Rahmen der verfassungsrechtlich zugestandenen kommunalen Selbstverwaltung ihr Mandat aus\u00fcben als ,,unfassbar, sch\u00e4big und perfide&#8220; sowie ,,charakterlos und moralisch verwerflich&#8220; zu bezeichnen, ist eine weitere Entgleisung der Ratsfrau Sch\u00fctz-Madr\u00e9.<\/p>\n<p>Wer sich wie Frau Sch\u00fctz-Madr\u00e9 tagt\u00e4glich als politischer Anwalt gegen populistische und extremistische Tendenzen in der Bev\u00f6lkerung einbringt, muss sich an seinem eigenen Handeln messen lassen. Wer Toleranz f\u00fcr andere Wertvorstellungen und Meinungen einfordert, aber in seiner Wortwahl, Gestik und Verhalten nur Verachtung f\u00fcr demokratische Entscheidungen aufbringen kann, die der eigenen Meinung nicht entsprechen, muss diesem Widerspruch begegnen.<\/p>\n<p>Demokratie beginnt mit der Einsicht, dass wir eben nicht alles besser wissen oder besser sind als die anderen. Die Verrohung der politischen Kultur macht auch vor dem Rat der Stadt Kempen nicht halt. Die \u00c4u\u00dferungen der Ratsfrau Sch\u00fctz-Madr\u00e9 sind eine erhebliche Belastung f\u00fcr die weitere Zusammenarbeit mit der Fraktion von B\u00fcndnis 90\/ Die Gr\u00fcnen. Als demokratisch gew\u00e4hlte Vertreter des Rates der Stadt Kempen erwarten wir eine Distanzierung der B\u00fcndnis 90\/ Die Gr\u00fcnen zu dieser Aussage.\u201c<\/p>\n<p><a href=\"https:\/\/cdu-kempen.de\/wp-content\/uploads\/2019\/10\/2019-10-12_Pressemitteilung-CDU-FDP-Linke.pdf\">2019-10-12_Pressemitteilung CDU, FDP, Linke<\/a><\/p>\n","protected":false},"excerpt":{"rendered":"<p>\u201eDie Fraktionen von CDU, FDP und DIE LINKE im Kempener Stadtrat missbilligen die pers\u00f6nliche Herabw\u00fcrdigung ihrer Ratsmitglieder durch die Stellungnahme der Fraktion von B\u00fcndnis 90\/ Die Gr\u00fcnen vom 10.10.2019. Die Arbeit engagierter Politiker im Ehrenamt, die tagt\u00e4glich im Rahmen der verfassungsrechtlich zugestandenen kommunalen Selbstverwaltung ihr Mandat aus\u00fcben als ,,unfassbar, sch\u00e4big und perfide&#8220; sowie ,,charakterlos und [&hellip;]<\/p>\n","protected":false},"author":6,"featured_media":6920,"comment_status":"closed","ping_status":"open","sticky":false,"template":"","format":"standard","meta":{"_et_pb_use_builder":"","_et_pb_old_content":"","_et_gb_content_width":"","footnotes":""},"categories":[1],"tags":[],"class_list":["post-8336","post","type-post","status-publish","format-standard","has-post-thumbnail","hentry","category-uncategorized"],"_links":{"self":[{"href":"https:\/\/cdu-kempen.de\/index.php\/wp-json\/wp\/v2\/posts\/8336"}],"collection":[{"href":"https:\/\/cdu-kempen.de\/index.php\/wp-json\/wp\/v2\/posts"}],"about":[{"href":"https:\/\/cdu-kempen.de\/index.php\/wp-json\/wp\/v2\/types\/post"}],"author":[{"embeddable":true,"href":"https:\/\/cdu-kempen.de\/index.php\/wp-json\/wp\/v2\/users\/6"}],"replies":[{"embeddable":true,"href":"https:\/\/cdu-kempen.de\/index.php\/wp-json\/wp\/v2\/comments?post=8336"}],"version-history":[{"count":2,"href":"https:\/\/cdu-kempen.de\/index.php\/wp-json\/wp\/v2\/posts\/8336\/revisions"}],"predecessor-version":[{"id":8339,"href":"https:\/\/cdu-kempen.de\/index.php\/wp-json\/wp\/v2\/posts\/8336\/revisions\/8339"}],"wp:featuredmedia":[{"embeddable":true,"href":"https:\/\/cdu-kempen.de\/index.php\/wp-json\/wp\/v2\/media\/6920"}],"wp:attachment":[{"href":"https:\/\/cdu-kempen.de\/index.php\/wp-json\/wp\/v2\/media?parent=8336"}],"wp:term":[{"taxonomy":"category","embeddable":true,"href":"https:\/\/cdu-kempen.de\/index.php\/wp-json\/wp\/v2\/categories?post=8336"},{"taxonomy":"post_tag","embeddable":true,"href":"https:\/\/cdu-kempen.de\/index.php\/wp-json\/wp\/v2\/tags?post=8336"}],"curies":[{"name":"wp","href":"https:\/\/api.w.org\/{rel}","templated":true}]}}