{"id":8392,"date":"2019-10-15T19:16:02","date_gmt":"2019-10-15T19:16:02","guid":{"rendered":"https:\/\/cdu-kempen.de\/?p=8392"},"modified":"2019-12-23T13:33:56","modified_gmt":"2019-12-23T13:33:56","slug":"kempen-hat-kraft-philipp-kraft-ist-buergermeisterkandidat-fuer-kempen","status":"publish","type":"post","link":"https:\/\/cdu-kempen.de\/index.php\/kempen-hat-kraft-philipp-kraft-ist-buergermeisterkandidat-fuer-kempen\/","title":{"rendered":"KEMPEN &#8211; HAT &#8211; KRAFT"},"content":{"rendered":"<p><strong>Philipp Kraft ist B\u00fcrgermeisterkandidat f\u00fcr Kempen<\/strong><\/p>\n<p>Die Mitglieder der CDU Kempen stehen hinter unserem B\u00fcrgermeisterkandidaten Philipp Kraft \u2013 in einer mitrei\u00dfenden Rede unter dem Motto \u201cKEMPEN\u00a0 HAT KRAFT\u201c begeisterte der 45-j\u00e4hrige die Mitgliederversammlung und lie\u00df keine Zweifel daran aufkommen, dass er f\u00fcr Kempen, unsere B\u00fcrgerinnen und B\u00fcrger sowie lokalen Unternehmen ab 2020 der richtige B\u00fcrgermeister sein wird.<\/p>\n<p>Dass die Kandidatur f\u00fcr seine Heimatstadt Kempen, in der er aufwuchs, eine Herzenssache ist, sp\u00fcrte jeder Anwesende sofort. Durch \u201cStanding Ovations\u201c und einem Zuspruch von 92,9% der Stimmen setzten die Mitglieder ein deutliches Ausrufezeichen hinter seine Bewerbung um das B\u00fcrgermeisteramt.<\/p>\n<p>Mit Philipp Kraft wird neuer Schwung ins Rathaus seiner Heimatstadt einziehen. Durch seinen Werdegang als Offizier mit akademischer Ausbildung und als F\u00fchrungskraft im Vertrieb sowie im Personalmanagement in der Privatwirtschaft, erg\u00e4nzt durch sein starkes ehrenamtliches Engagement in der Kommunalpolitik ist klar geworden, dass er\u2026<\/p>\n<ul>\n<li>\u2026nah an den Menschen sowie deren Lebensrealit\u00e4t ist,<\/li>\n<li>\u2026unternehmerisches Handeln versteht,<\/li>\n<li>\u2026f\u00fchrungsstark und motivierend die Verwaltung neu ausrichten wird,<\/li>\n<li>\u2026f\u00fcr ein Miteinander steht und<\/li>\n<li>\u2026politische Erfahrung vorweisen kann.<\/li>\n<\/ul>\n<p><strong>KEMPEN\u00a0 HAT\u00a0 KRAFT<\/strong> \u2013 unser Kandidat als kompetenter und den Menschen zugewandter neuer B\u00fcrgermeister in Kempen: Philipp Kraft!<\/p>\n<p><img loading=\"lazy\" decoding=\"async\" class=\"alignnone size-medium wp-image-8396\" src=\"https:\/\/cdu-kempen.de\/wp-content\/uploads\/2019\/10\/Photo_Begr\u00fc\u00dfung-e1571166576972-390x245.jpg\" alt=\"\" width=\"390\" height=\"245\" \/> \u00a0 <img loading=\"lazy\" decoding=\"async\" class=\"alignnone size-medium wp-image-8395\" src=\"https:\/\/cdu-kempen.de\/wp-content\/uploads\/2019\/10\/Photo_Mitglieder-390x245.jpg\" alt=\"\" width=\"390\" height=\"245\" \/><\/p>\n<p><img loading=\"lazy\" decoding=\"async\" class=\"alignnone size-medium wp-image-8399\" src=\"https:\/\/cdu-kempen.de\/wp-content\/uploads\/2019\/10\/Photo_Vorstand-390x245.jpg\" alt=\"\" width=\"390\" height=\"245\" \/> \u00a0 <img loading=\"lazy\" decoding=\"async\" class=\"alignnone size-medium wp-image-8400\" src=\"https:\/\/cdu-kempen.de\/wp-content\/uploads\/2019\/10\/Photo_Rede-e1571166559824-390x245.jpg\" alt=\"\" width=\"390\" height=\"245\" \/><\/p>\n<p><img loading=\"lazy\" decoding=\"async\" class=\"alignnone size-medium wp-image-8403\" src=\"https:\/\/cdu-kempen.de\/wp-content\/uploads\/2019\/10\/Photo_SO2-390x245.jpg\" alt=\"\" width=\"390\" height=\"245\" \/>\u00a0\u00a0 <img loading=\"lazy\" decoding=\"async\" class=\"alignnone size-medium wp-image-8404\" src=\"https:\/\/cdu-kempen.de\/wp-content\/uploads\/2019\/10\/Photo_SO3-390x245.jpg\" alt=\"\" width=\"390\" height=\"245\" \/><\/p>\n<p><img loading=\"lazy\" decoding=\"async\" class=\"alignnone size-medium wp-image-8402\" src=\"https:\/\/cdu-kempen.de\/wp-content\/uploads\/2019\/10\/Photo_SO-390x245.jpg\" alt=\"\" width=\"390\" height=\"245\" \/> \u00a0 <img loading=\"lazy\" decoding=\"async\" class=\"alignnone size-medium wp-image-8398\" src=\"https:\/\/cdu-kempen.de\/wp-content\/uploads\/2019\/10\/Photo_Bike2-390x245.jpg\" alt=\"\" width=\"390\" height=\"245\" \/><\/p>\n<p><img loading=\"lazy\" decoding=\"async\" class=\"size-medium wp-image-8397 aligncenter\" src=\"https:\/\/cdu-kempen.de\/wp-content\/uploads\/2019\/10\/Photo_Bike-e1571166457498-390x245.jpg\" alt=\"\" width=\"390\" height=\"245\" \/><\/p>\n","protected":false},"excerpt":{"rendered":"<p>Philipp Kraft ist B\u00fcrgermeisterkandidat f\u00fcr Kempen Die Mitglieder der CDU Kempen stehen hinter unserem B\u00fcrgermeisterkandidaten Philipp Kraft \u2013 in einer mitrei\u00dfenden Rede unter dem Motto \u201cKEMPEN\u00a0 HAT KRAFT\u201c begeisterte der 45-j\u00e4hrige die Mitgliederversammlung und lie\u00df keine Zweifel daran aufkommen, dass er f\u00fcr Kempen, unsere B\u00fcrgerinnen und B\u00fcrger sowie lokalen Unternehmen ab 2020 der richtige B\u00fcrgermeister [&hellip;]<\/p>\n","protected":false},"author":5,"featured_media":8398,"comment_status":"closed","ping_status":"open","sticky":false,"template":"","format":"standard","meta":{"_et_pb_use_builder":"","_et_pb_old_content":"","_et_gb_content_width":"","footnotes":""},"categories":[1],"tags":[],"class_list":["post-8392","post","type-post","status-publish","format-standard","has-post-thumbnail","hentry","category-uncategorized"],"_links":{"self":[{"href":"https:\/\/cdu-kempen.de\/index.php\/wp-json\/wp\/v2\/posts\/8392"}],"collection":[{"href":"https:\/\/cdu-kempen.de\/index.php\/wp-json\/wp\/v2\/posts"}],"about":[{"href":"https:\/\/cdu-kempen.de\/index.php\/wp-json\/wp\/v2\/types\/post"}],"author":[{"embeddable":true,"href":"https:\/\/cdu-kempen.de\/index.php\/wp-json\/wp\/v2\/users\/5"}],"replies":[{"embeddable":true,"href":"https:\/\/cdu-kempen.de\/index.php\/wp-json\/wp\/v2\/comments?post=8392"}],"version-history":[{"count":11,"href":"https:\/\/cdu-kempen.de\/index.php\/wp-json\/wp\/v2\/posts\/8392\/revisions"}],"predecessor-version":[{"id":8413,"href":"https:\/\/cdu-kempen.de\/index.php\/wp-json\/wp\/v2\/posts\/8392\/revisions\/8413"}],"wp:featuredmedia":[{"embeddable":true,"href":"https:\/\/cdu-kempen.de\/index.php\/wp-json\/wp\/v2\/media\/8398"}],"wp:attachment":[{"href":"https:\/\/cdu-kempen.de\/index.php\/wp-json\/wp\/v2\/media?parent=8392"}],"wp:term":[{"taxonomy":"category","embeddable":true,"href":"https:\/\/cdu-kempen.de\/index.php\/wp-json\/wp\/v2\/categories?post=8392"},{"taxonomy":"post_tag","embeddable":true,"href":"https:\/\/cdu-kempen.de\/index.php\/wp-json\/wp\/v2\/tags?post=8392"}],"curies":[{"name":"wp","href":"https:\/\/api.w.org\/{rel}","templated":true}]}}