{"id":8504,"date":"2019-12-18T17:55:41","date_gmt":"2019-12-18T17:55:41","guid":{"rendered":"https:\/\/cdu-kempen.de\/?p=8504"},"modified":"2019-12-18T17:58:12","modified_gmt":"2019-12-18T17:58:12","slug":"haushaltsrede-2020-cdu-fraktion-kempen","status":"publish","type":"post","link":"https:\/\/cdu-kempen.de\/index.php\/haushaltsrede-2020-cdu-fraktion-kempen\/","title":{"rendered":"Haushaltsrede 2020 CDU-Fraktion Kempen"},"content":{"rendered":"<p class=\"Default\"><span style=\"font-size: 14.0pt; font-family: 'Arial','sans-serif';\">In politisch unruhigen Zeiten haben Sie uns einen Haushalt angerichtet, eine Mahlzeit, die unsere Aufmerksamkeit hat, die wir genie\u00dfen und feststellen, dass sie uns eigentlich ganz gut schmeckt, aber noch verfeinert werden k\u00f6nnte und f\u00fcr die Zukunft m\u00fcsste!<\/span><span style=\"font-size: 14.0pt; font-family: 'Arial','sans-serif';\">\u00a0<\/span><\/p>\n<p class=\"Default\"><span style=\"font-size: 14.0pt; font-family: 'Arial','sans-serif';\">Hoffen wir mal, dass sie uns auch langfristig gut bekommt, wobei wir sicher sein k\u00f6nnen, dass die P\u00f6lsterchen, die wir bisher anfuttern konnten, nicht so bleiben, sondern schon kurzfristig wieder abschmelzen werden. <\/span><span style=\"font-size: 14.0pt; font-family: 'Arial','sans-serif';\">\u00a0<\/span><\/p>\n<p class=\"Default\"><span style=\"font-size: 14.0pt; font-family: 'Arial','sans-serif';\">Das ist bei unseren vielen Vorhaben, Projekten und Anstrengungen f\u00fcr unsere Stadt Kempen f\u00fcr 2020 dann aber auch ganz klar&#8230;&#8230;&#8230;..<\/span><\/p>\n<p class=\"Default\"><span style=\"font-size: 14.0pt; font-family: 'Arial','sans-serif';\">Bitte lesen Sie die komplette Haushaltsrede hier:<br \/>\n<\/span><\/p>\n<p class=\"Default\"><span style=\"font-size: 14.0pt; font-family: 'Arial','sans-serif';\"><a href=\"https:\/\/cdu-kempen.de\/wp-content\/uploads\/2019\/12\/20191217_Jochen-Herbst_CDU-Fraktion-Kempen_Haushaltsrede_2020.pdf\">20191217_Jochen Herbst_CDU-Fraktion Kempen_Haushaltsrede_2020<\/a>\u00a0<\/span><\/p>\n<p>&nbsp;<\/p>\n","protected":false},"excerpt":{"rendered":"<p>In politisch unruhigen Zeiten haben Sie uns einen Haushalt angerichtet, eine Mahlzeit, die unsere Aufmerksamkeit hat, die wir genie\u00dfen und feststellen, dass sie uns eigentlich ganz gut schmeckt, aber noch verfeinert werden k\u00f6nnte und f\u00fcr die Zukunft m\u00fcsste!\u00a0 Hoffen wir mal, dass sie uns auch langfristig gut bekommt, wobei wir sicher sein k\u00f6nnen, dass die [&hellip;]<\/p>\n","protected":false},"author":6,"featured_media":8506,"comment_status":"closed","ping_status":"open","sticky":false,"template":"","format":"standard","meta":{"_et_pb_use_builder":"","_et_pb_old_content":"","_et_gb_content_width":"","footnotes":""},"categories":[1],"tags":[],"class_list":["post-8504","post","type-post","status-publish","format-standard","has-post-thumbnail","hentry","category-uncategorized"],"_links":{"self":[{"href":"https:\/\/cdu-kempen.de\/index.php\/wp-json\/wp\/v2\/posts\/8504"}],"collection":[{"href":"https:\/\/cdu-kempen.de\/index.php\/wp-json\/wp\/v2\/posts"}],"about":[{"href":"https:\/\/cdu-kempen.de\/index.php\/wp-json\/wp\/v2\/types\/post"}],"author":[{"embeddable":true,"href":"https:\/\/cdu-kempen.de\/index.php\/wp-json\/wp\/v2\/users\/6"}],"replies":[{"embeddable":true,"href":"https:\/\/cdu-kempen.de\/index.php\/wp-json\/wp\/v2\/comments?post=8504"}],"version-history":[{"count":4,"href":"https:\/\/cdu-kempen.de\/index.php\/wp-json\/wp\/v2\/posts\/8504\/revisions"}],"predecessor-version":[{"id":8510,"href":"https:\/\/cdu-kempen.de\/index.php\/wp-json\/wp\/v2\/posts\/8504\/revisions\/8510"}],"wp:featuredmedia":[{"embeddable":true,"href":"https:\/\/cdu-kempen.de\/index.php\/wp-json\/wp\/v2\/media\/8506"}],"wp:attachment":[{"href":"https:\/\/cdu-kempen.de\/index.php\/wp-json\/wp\/v2\/media?parent=8504"}],"wp:term":[{"taxonomy":"category","embeddable":true,"href":"https:\/\/cdu-kempen.de\/index.php\/wp-json\/wp\/v2\/categories?post=8504"},{"taxonomy":"post_tag","embeddable":true,"href":"https:\/\/cdu-kempen.de\/index.php\/wp-json\/wp\/v2\/tags?post=8504"}],"curies":[{"name":"wp","href":"https:\/\/api.w.org\/{rel}","templated":true}]}}