{"id":8525,"date":"2019-12-23T13:39:52","date_gmt":"2019-12-23T13:39:52","guid":{"rendered":"https:\/\/cdu-kempen.de\/?p=8525"},"modified":"2020-06-27T06:22:54","modified_gmt":"2020-06-27T06:22:54","slug":"philipp-kraft-ihr-buergermeisterkandidat-fuer-kempen","status":"publish","type":"post","link":"https:\/\/cdu-kempen.de\/index.php\/philipp-kraft-ihr-buergermeisterkandidat-fuer-kempen\/","title":{"rendered":"Philipp Kraft \u2013 Ihr B\u00fcrgermeisterkandidat f\u00fcr Kempen"},"content":{"rendered":"<p>Wir stehen auf der Schwelle eines neuen Jahrzehnts \u2013 das Jahr 2020 klopft buchst\u00e4blich an die T\u00fcr. F\u00fcr Kempen und unser Gemeinwesen wird es ein bedeutendes Jahr, steht doch mit der Kommunalwahl die Entscheidung an, wer in unserem Stadtrat und Rathaus in den kommenden Jahren die Weichen ma\u00dfgeblich stellen wird. Ich w\u00fcnsche mir, dass wir es schaffen, der Gemeinwohlorientierung gegen\u00fcber der Polarisierung wieder deutlich mehr Gewicht zu verleihen. Dazu ein Denkansto\u00df des Franziskanerm\u00f6nchs Peter Amendt, den wir im privaten, beruflichen und politischen Alltag einbringen k\u00f6nnen:<\/p>\n<p><strong>\u201c Soll Gemeinschaft gelingen, dann muss ich mehr f\u00fcr sie tun, als ich von ihr erwarte.\u201c<\/strong><\/p>\n<p>Im Namen des Vorstandes der CDU Kempen w\u00fcnsche ich Ihnen und Ihren Familien frohe Feiertage und einen stimmungsvollen \u00dcbergang in ein f\u00fcr Sie und Ihre Lieben gesundes und erfolgreiches Jahr 2020 \u2013 verbunden mit einem herzlichen Dankesch\u00f6n f\u00fcr Ihre gezeigte Verbundenheit mit der Christlich Demokratischen Union. Wir z\u00e4hlen auch weiterhin auf Ihre Unterst\u00fctzung!<br \/>\nIhr CDU Stadtverband Kempen<\/p>\n<p><a href=\"https:\/\/pkraft.de\" style=\"font-size:1.2em !important;\">Philipp Kraft<\/a><br \/>\nVorsitzender<\/p>\n","protected":false},"excerpt":{"rendered":"<p>Wir stehen auf der Schwelle eines neuen Jahrzehnts \u2013 das Jahr 2020 klopft buchst\u00e4blich an die T\u00fcr. F\u00fcr Kempen und unser Gemeinwesen wird es ein bedeutendes Jahr, steht doch mit der Kommunalwahl die Entscheidung an, wer in unserem Stadtrat und Rathaus in den kommenden Jahren die Weichen ma\u00dfgeblich stellen wird. Ich w\u00fcnsche mir, dass wir [&hellip;]<\/p>\n","protected":false},"author":6,"featured_media":8519,"comment_status":"closed","ping_status":"open","sticky":false,"template":"","format":"standard","meta":{"_et_pb_use_builder":"","_et_pb_old_content":"","_et_gb_content_width":"","footnotes":""},"categories":[1],"tags":[],"class_list":["post-8525","post","type-post","status-publish","format-standard","has-post-thumbnail","hentry","category-uncategorized"],"_links":{"self":[{"href":"https:\/\/cdu-kempen.de\/index.php\/wp-json\/wp\/v2\/posts\/8525"}],"collection":[{"href":"https:\/\/cdu-kempen.de\/index.php\/wp-json\/wp\/v2\/posts"}],"about":[{"href":"https:\/\/cdu-kempen.de\/index.php\/wp-json\/wp\/v2\/types\/post"}],"author":[{"embeddable":true,"href":"https:\/\/cdu-kempen.de\/index.php\/wp-json\/wp\/v2\/users\/6"}],"replies":[{"embeddable":true,"href":"https:\/\/cdu-kempen.de\/index.php\/wp-json\/wp\/v2\/comments?post=8525"}],"version-history":[{"count":1,"href":"https:\/\/cdu-kempen.de\/index.php\/wp-json\/wp\/v2\/posts\/8525\/revisions"}],"predecessor-version":[{"id":8526,"href":"https:\/\/cdu-kempen.de\/index.php\/wp-json\/wp\/v2\/posts\/8525\/revisions\/8526"}],"wp:featuredmedia":[{"embeddable":true,"href":"https:\/\/cdu-kempen.de\/index.php\/wp-json\/wp\/v2\/media\/8519"}],"wp:attachment":[{"href":"https:\/\/cdu-kempen.de\/index.php\/wp-json\/wp\/v2\/media?parent=8525"}],"wp:term":[{"taxonomy":"category","embeddable":true,"href":"https:\/\/cdu-kempen.de\/index.php\/wp-json\/wp\/v2\/categories?post=8525"},{"taxonomy":"post_tag","embeddable":true,"href":"https:\/\/cdu-kempen.de\/index.php\/wp-json\/wp\/v2\/tags?post=8525"}],"curies":[{"name":"wp","href":"https:\/\/api.w.org\/{rel}","templated":true}]}}