{"id":8531,"date":"2020-01-03T11:21:00","date_gmt":"2020-01-03T11:21:00","guid":{"rendered":"https:\/\/cdu-kempen.de\/?p=8531"},"modified":"2020-01-03T11:21:00","modified_gmt":"2020-01-03T11:21:00","slug":"zukunft-des-kempener-kolpinghauses-pressemitteilung","status":"publish","type":"post","link":"https:\/\/cdu-kempen.de\/index.php\/zukunft-des-kempener-kolpinghauses-pressemitteilung\/","title":{"rendered":"Zukunft des Kempener Kolpinghauses &#8211; Pressemitteilung"},"content":{"rendered":"<p>\u201eSeit Wochen machen auch wir uns schon gro\u00dfe Sorgen um die Zukunft des Kempener Kolpinghauses\u201c, so der Vorsitzende der CDU-Fraktion Kempen Jochen Herbst. Die CDU bedauert sehr, dass der Pachtvertrag mit der Familie Muratovic am 31. M\u00e4rz 2020 endet. \u201eSeit Oktober 2019 warten wir jetzt auf Ergebnisse, die im Rahmen eines Gutachtens ermittelt wurden. Dies haben wir bereits bei der Verwaltung im letzten Jahr angemahnt\u201c, so Herbst. Kempen braucht eine Versammlungsst\u00e4tte wie das Kolpinghaus. Alle Nutzer des Kolpinghauses sind verunsichert und erwarten eine schnelle Umsetzung der erforderlichen Renovierungsma\u00dfnahmen. Die CDU ist froh, dass die bereits gebuchten Veranstaltungen, vom traditionellen Bauernkaffee der Ortsbauernschaft, der CDU-Neujahrsempfang am 10. Januar bis zu den vielen Sitzungsterminen der Kempener Karnevalsvereine im Januar und Februar noch stattfinden k\u00f6nnen. F\u00fcr alle zuk\u00fcnftigen Veranstaltungen fordert die CDU hier eine schnelle Handlung seitens der Stadt Kempen. Die CDU-Fraktion wird sich daf\u00fcr einsetzen, dass die geplanten Ma\u00dfnahmen dann auch zeitnah und mit hoher Priorit\u00e4t umgesetzt werden. Sollten daf\u00fcr keine freien Ressourcen innerhalb der Verwaltung vorhanden sein, wird die CDU-Fraktion Kempen die daf\u00fcr n\u00f6tigen Mittel kurzfristig beantragen. Hier wird jetzt eine schnelle L\u00f6sung erwartet. Die Kempener brauchen hier dringend eine Planungssicherheit.<\/p>\n<p><img loading=\"lazy\" decoding=\"async\" class=\"alignnone size-medium wp-image-8532\" src=\"https:\/\/cdu-kempen.de\/wp-content\/uploads\/2020\/01\/Kolpinghaus-Kempen_2-390x245.jpg\" alt=\"\" width=\"390\" height=\"245\" \/><\/p>\n","protected":false},"excerpt":{"rendered":"<p>\u201eSeit Wochen machen auch wir uns schon gro\u00dfe Sorgen um die Zukunft des Kempener Kolpinghauses\u201c, so der Vorsitzende der CDU-Fraktion Kempen Jochen Herbst. Die CDU bedauert sehr, dass der Pachtvertrag mit der Familie Muratovic am 31. M\u00e4rz 2020 endet. \u201eSeit Oktober 2019 warten wir jetzt auf Ergebnisse, die im Rahmen eines Gutachtens ermittelt wurden. Dies [&hellip;]<\/p>\n","protected":false},"author":6,"featured_media":8533,"comment_status":"closed","ping_status":"open","sticky":false,"template":"","format":"standard","meta":{"_et_pb_use_builder":"","_et_pb_old_content":"","_et_gb_content_width":"","footnotes":""},"categories":[1],"tags":[],"class_list":["post-8531","post","type-post","status-publish","format-standard","has-post-thumbnail","hentry","category-uncategorized"],"_links":{"self":[{"href":"https:\/\/cdu-kempen.de\/index.php\/wp-json\/wp\/v2\/posts\/8531"}],"collection":[{"href":"https:\/\/cdu-kempen.de\/index.php\/wp-json\/wp\/v2\/posts"}],"about":[{"href":"https:\/\/cdu-kempen.de\/index.php\/wp-json\/wp\/v2\/types\/post"}],"author":[{"embeddable":true,"href":"https:\/\/cdu-kempen.de\/index.php\/wp-json\/wp\/v2\/users\/6"}],"replies":[{"embeddable":true,"href":"https:\/\/cdu-kempen.de\/index.php\/wp-json\/wp\/v2\/comments?post=8531"}],"version-history":[{"count":1,"href":"https:\/\/cdu-kempen.de\/index.php\/wp-json\/wp\/v2\/posts\/8531\/revisions"}],"predecessor-version":[{"id":8534,"href":"https:\/\/cdu-kempen.de\/index.php\/wp-json\/wp\/v2\/posts\/8531\/revisions\/8534"}],"wp:featuredmedia":[{"embeddable":true,"href":"https:\/\/cdu-kempen.de\/index.php\/wp-json\/wp\/v2\/media\/8533"}],"wp:attachment":[{"href":"https:\/\/cdu-kempen.de\/index.php\/wp-json\/wp\/v2\/media?parent=8531"}],"wp:term":[{"taxonomy":"category","embeddable":true,"href":"https:\/\/cdu-kempen.de\/index.php\/wp-json\/wp\/v2\/categories?post=8531"},{"taxonomy":"post_tag","embeddable":true,"href":"https:\/\/cdu-kempen.de\/index.php\/wp-json\/wp\/v2\/tags?post=8531"}],"curies":[{"name":"wp","href":"https:\/\/api.w.org\/{rel}","templated":true}]}}