{"id":8553,"date":"2020-01-12T16:01:46","date_gmt":"2020-01-12T16:01:46","guid":{"rendered":"https:\/\/cdu-kempen.de\/?p=8553"},"modified":"2020-01-12T16:07:02","modified_gmt":"2020-01-12T16:07:02","slug":"cdu-begruesst-den-breitbandausbau-in-kempen","status":"publish","type":"post","link":"https:\/\/cdu-kempen.de\/index.php\/cdu-begruesst-den-breitbandausbau-in-kempen\/","title":{"rendered":"CDU begr\u00fc\u00dft den Breitbandausbau in Kempen"},"content":{"rendered":"<p>Im Rahmen des Bundesf\u00f6rderprogrammes zum Breitbandausbau m\u00f6chte der Kreis Viersen in Zusammenarbeit mit allen neun kreisangeh\u00f6rigen Kommunen die unterversorgten Adressen mit einer Glasfaserinfrastruktur versorgen. Zusammen mit dem Bundesministerium f\u00fcr Verkehr und digitale Infrastruktur und dem Ministerium f\u00fcr Wirtschaft, Innovation, Digitalisierung und Energie des Landes NRW wurde dem Kreis Viersen eine F\u00f6rdersumme von rund 43 Millionen Euro bewilligt.<\/p>\n<p>&#8222;Die CDU Kempen freut sich, dass der Kreis Viersen gemeinsam mit dem Unternehmen Deutsche Glasfaser, dieses Zukunftsprojekt \u00fcbernimmt und auch die unterversorgten Gegenden in Kempen davon profitieren&#8220;, so der Fraktionsvorsitzende Jochen Herbst.<\/p>\n<p><strong>Das Unternehmen Deutsche Glasfaser l\u00e4dt am Donnerstag, 16. Januar 2020 von 14.00 bis 17.00 Uhr zu einer B\u00fcrgersprechstunde in das Kempener Rathaus ein.<\/strong><\/p>\n<p>Foto: Kreis Viersen<\/p>\n","protected":false},"excerpt":{"rendered":"<p>Im Rahmen des Bundesf\u00f6rderprogrammes zum Breitbandausbau m\u00f6chte der Kreis Viersen in Zusammenarbeit mit allen neun kreisangeh\u00f6rigen Kommunen die unterversorgten Adressen mit einer Glasfaserinfrastruktur versorgen. Zusammen mit dem Bundesministerium f\u00fcr Verkehr und digitale Infrastruktur und dem Ministerium f\u00fcr Wirtschaft, Innovation, Digitalisierung und Energie des Landes NRW wurde dem Kreis Viersen eine F\u00f6rdersumme von rund 43 Millionen [&hellip;]<\/p>\n","protected":false},"author":6,"featured_media":8554,"comment_status":"closed","ping_status":"open","sticky":false,"template":"","format":"standard","meta":{"_et_pb_use_builder":"","_et_pb_old_content":"","_et_gb_content_width":"","footnotes":""},"categories":[1],"tags":[],"class_list":["post-8553","post","type-post","status-publish","format-standard","has-post-thumbnail","hentry","category-uncategorized"],"_links":{"self":[{"href":"https:\/\/cdu-kempen.de\/index.php\/wp-json\/wp\/v2\/posts\/8553"}],"collection":[{"href":"https:\/\/cdu-kempen.de\/index.php\/wp-json\/wp\/v2\/posts"}],"about":[{"href":"https:\/\/cdu-kempen.de\/index.php\/wp-json\/wp\/v2\/types\/post"}],"author":[{"embeddable":true,"href":"https:\/\/cdu-kempen.de\/index.php\/wp-json\/wp\/v2\/users\/6"}],"replies":[{"embeddable":true,"href":"https:\/\/cdu-kempen.de\/index.php\/wp-json\/wp\/v2\/comments?post=8553"}],"version-history":[{"count":2,"href":"https:\/\/cdu-kempen.de\/index.php\/wp-json\/wp\/v2\/posts\/8553\/revisions"}],"predecessor-version":[{"id":8557,"href":"https:\/\/cdu-kempen.de\/index.php\/wp-json\/wp\/v2\/posts\/8553\/revisions\/8557"}],"wp:featuredmedia":[{"embeddable":true,"href":"https:\/\/cdu-kempen.de\/index.php\/wp-json\/wp\/v2\/media\/8554"}],"wp:attachment":[{"href":"https:\/\/cdu-kempen.de\/index.php\/wp-json\/wp\/v2\/media?parent=8553"}],"wp:term":[{"taxonomy":"category","embeddable":true,"href":"https:\/\/cdu-kempen.de\/index.php\/wp-json\/wp\/v2\/categories?post=8553"},{"taxonomy":"post_tag","embeddable":true,"href":"https:\/\/cdu-kempen.de\/index.php\/wp-json\/wp\/v2\/tags?post=8553"}],"curies":[{"name":"wp","href":"https:\/\/api.w.org\/{rel}","templated":true}]}}