{"id":8651,"date":"2020-02-13T17:02:58","date_gmt":"2020-02-13T17:02:58","guid":{"rendered":"https:\/\/cdu-kempen.de\/?p=8651"},"modified":"2025-04-14T14:03:53","modified_gmt":"2025-04-14T14:03:53","slug":"die-mannschaft-der-cdu-kempen-steht","status":"publish","type":"post","link":"https:\/\/cdu-kempen.de\/index.php\/die-mannschaft-der-cdu-kempen-steht\/","title":{"rendered":"Die Mannschaft der CDU Kempen steht"},"content":{"rendered":"<p>[et_pb_section fb_built=&#8220;1&#8243; admin_label=&#8220;section&#8220; _builder_version=&#8220;4.16&#8243; global_colors_info=&#8220;{}&#8220; theme_builder_area=&#8220;post_content&#8220;][et_pb_row admin_label=&#8220;row&#8220; _builder_version=&#8220;4.16&#8243; background_size=&#8220;initial&#8220; background_position=&#8220;top_left&#8220; background_repeat=&#8220;repeat&#8220; global_colors_info=&#8220;{}&#8220; theme_builder_area=&#8220;post_content&#8220;][et_pb_column type=&#8220;4_4&#8243; _builder_version=&#8220;4.16&#8243; custom_padding=&#8220;|||&#8220; global_colors_info=&#8220;{}&#8220; custom_padding__hover=&#8220;|||&#8220; theme_builder_area=&#8220;post_content&#8220;][et_pb_text admin_label=&#8220;Text&#8220; _builder_version=&#8220;4.16&#8243; background_size=&#8220;initial&#8220; background_position=&#8220;top_left&#8220; background_repeat=&#8220;repeat&#8220; global_colors_info=&#8220;{}&#8220; theme_builder_area=&#8220;post_content&#8220;]<\/p>\n<h5>Auf der Mitgliederversammlung der CDU Kempen wurden am 12. Februar die Weichen f\u00fcr die Kommunalwahl gestellt. F\u00fcr alle 20 Kempener Ratswahlbezirke und die drei Kreistagswahlbezirke auf Kempener Gebiet wurden die Kandidaten mit breiter Zustimmung aufgestellt.<\/h5>\n<h5>CDU Parteivorsitzender und <a href=\"https:\/\/pkraft.de\" style=\"font-size: 16px !important; font-family: 'Oswald' !important;\">B\u00fcrgermeisterkandidat Philipp Kraft<\/a> begr\u00fc\u00dfte die \u00fcber 100 anwesenden Mitglieder und stimmte sie in einem kurzen Impulsvortrag auf die anstehende Wahl ein: \u201eWir d\u00fcrfen unsere Stadt nicht der linken Ideologie der SPD und der Gr\u00fcnen \u00fcberlassen. Von der Wahl geht eine Richtungsentscheidung aus, wie sich unsere Stadt weiter entwickeln wird. Geben wir also gemeinsam alles daf\u00fcr, auch in diesem Jahr wieder in allen 20 Wahlbezirken die B\u00fcrgerinnen und B\u00fcrger von unseren Ideen zu \u00fcberzeugen.\u201c<\/h5>\n<p>Anschlie\u00dfend folgte die Vorstellung der 20 Ratskandidaten. Dabei zeigte sich die Vielf\u00e4ltigkeit der CDU Kempen, die auch im neuen Team vertreten sein wird. Vom Studenten bis zum Rentner sind alle Altersgruppen vertreten, verschiedenste Berufsgruppen und unterschiedliche Lebensl\u00e4ufe, die zeigen, dass alleine die CDU in Kempen die breite Masse der Bev\u00f6lkerung abbilden kann. \u201eWir k\u00f6nnen Kempen\u201c, brachte B\u00fcrgermeisterkandidat Philipp Kraft dies auf den Punkt. Bei allen Vorstellungen zeigte sich die Heimatverbundenheit der Ratskandidaten, von denen viele nicht nur eins, sondern gleich mehrere Ehren\u00e4mter aus\u00fcben.<\/p>\n<p>Zum Abschluss des Abends stellten sich au\u00dferdem die Kandidaten f\u00fcr den Kreistag vor. Die CDU Kempen konnte bei ihrer Mitgliederversammlung lediglich ein Votum f\u00fcr den CDU Kreisparteitag abgeben, der die letztliche Entscheidung trifft. Die Kandidaten unterstrichen die gute Zusammenarbeit mit dem Kreis und der CDU Kreistagsfraktion in den letzten Jahren und betonten, dass der gute Draht ein gro\u00dfer Vorteil f\u00fcr Kempen ist.<\/p>\n<p>Alle Kandidaten wurden mit gro\u00dfen Zustimmungswerten gew\u00e4hlt. F\u00fcr den den Wahlkreis 3100 gab es zwei Bewerber. Der jetzige Stadtverordnete und CDU-Gesch\u00e4ftsf\u00fchrer Hans-Willi Schmitz setzt sich gegen Dr. Martin von Hassel durch.<\/p>\n<p>Der stellvertretende B\u00fcrgermeister Hans-Peter van der Bloemen res\u00fcmierte: \u201eWir werden bis zum Schluss k\u00e4mpfen, um diese Kommunalwahl f\u00fcr uns zu entscheiden.\u201c<\/p>\n<h4><strong>CDU Kempen &#8211; Stadtratskandidaten f\u00fcr die Kommunalwahl am 13. September 2020<\/strong><\/h4>\n<table width=\"514\">\n<tbody>\n<tr>\n<td width=\"139\"><strong>Ortsteil<\/strong><\/td>\n<td width=\"74\"><strong>Bezirk<\/strong><\/td>\n<td width=\"301\"><strong>Vorschlag <\/strong><\/td>\n<\/tr>\n<tr>\n<td width=\"139\">Land<\/td>\n<td width=\"74\">3010<\/td>\n<td width=\"301\">Coenen, Peter-Josef<\/td>\n<\/tr>\n<tr>\n<td width=\"139\">Kempen<\/td>\n<td width=\"74\">3020<\/td>\n<td width=\"301\">Fischer, Peter<\/td>\n<\/tr>\n<tr>\n<td width=\"139\"><\/td>\n<td width=\"74\">3030<\/td>\n<td width=\"301\">St\u00fcckemann, Gerd-Wilhelm<\/td>\n<\/tr>\n<tr>\n<td width=\"139\"><\/td>\n<td width=\"74\">3040<\/td>\n<td width=\"301\">Stenhorst, Willi<\/td>\n<\/tr>\n<tr>\n<td width=\"139\"><\/td>\n<td width=\"74\">3050<\/td>\n<td width=\"301\">H\u00f6ltken, Heike<\/td>\n<\/tr>\n<tr>\n<td width=\"139\"><\/td>\n<td width=\"74\">3060<\/td>\n<td width=\"301\">Funken, Georg<\/td>\n<\/tr>\n<tr>\n<td width=\"139\"><\/td>\n<td width=\"74\">3070<\/td>\n<td width=\"301\">Herbst, Jochen<\/td>\n<\/tr>\n<tr>\n<td width=\"139\"><\/td>\n<td width=\"74\">3080<\/td>\n<td width=\"301\">Michael, Marc<\/td>\n<\/tr>\n<tr>\n<td width=\"139\"><\/td>\n<td width=\"74\">3090<\/td>\n<td width=\"301\">Schrage Sigrid<\/td>\n<\/tr>\n<tr>\n<td width=\"139\"><strong>\u00a0<\/strong><\/td>\n<td width=\"74\">3100<\/td>\n<td width=\"301\">Schmitz, Hans-Willi<\/td>\n<\/tr>\n<tr>\n<td width=\"139\"><\/td>\n<td width=\"74\">3110<\/td>\n<td width=\"301\">H\u00f6ner, Carsten<\/td>\n<\/tr>\n<tr>\n<td width=\"139\"><\/td>\n<td width=\"74\">3120<\/td>\n<td width=\"301\">Thiel, Sebastian van<\/td>\n<\/tr>\n<tr>\n<td width=\"139\"><\/td>\n<td width=\"74\">3130<\/td>\n<td width=\"301\">Gremmel-Geuchen, Ute<\/td>\n<\/tr>\n<tr>\n<td width=\"139\">St. Hubert<\/td>\n<td width=\"74\">3140<\/td>\n<td width=\"301\">Smeets, Michael<\/td>\n<\/tr>\n<tr>\n<td width=\"139\"><\/td>\n<td width=\"74\">3150<\/td>\n<td width=\"301\">Bloemen, Hans-Peter van der<\/td>\n<\/tr>\n<tr>\n<td width=\"139\"><\/td>\n<td width=\"74\">3160<\/td>\n<td width=\"301\">Beyss, Stefanie<\/td>\n<\/tr>\n<tr>\n<td width=\"139\"><\/td>\n<td width=\"74\">3170<\/td>\n<td width=\"301\">Scheiermann, Gero<\/td>\n<\/tr>\n<tr>\n<td width=\"139\"><\/td>\n<td width=\"74\">3180<\/td>\n<td width=\"301\">Drabben, Christian<\/td>\n<\/tr>\n<tr>\n<td width=\"139\">T\u00f6nisberg<\/td>\n<td width=\"74\">3190<\/td>\n<td width=\"301\">Rodheudt, Till<\/td>\n<\/tr>\n<tr>\n<td width=\"139\"><\/td>\n<td width=\"74\">3200<\/td>\n<td width=\"301\">Thelen, Maximilian<\/td>\n<\/tr>\n<\/tbody>\n<\/table>\n<p><a href=\"https:\/\/cdu-kempen.de\/wp-content\/uploads\/2020\/02\/CDU-Kempen_Stadtrats-und-Kreistagskandidaten-Kommunalwahl-13.09.2020.pdf\">CDU Kempen_Stadtrats- und Kreistagskandidaten Kommunalwahl 13.09.2020<\/a><a href=\"https:\/\/cdu-kempen.de\/wp-content\/uploads\/2020\/02\/CDU-Kempen_Reserveliste-Kommunalwahl-13.09.2020.pdf\"><\/a><\/p>\n<p>Das Team der Stadtratskandidaten mit dem CDU-B\u00fcrgermeisterkandidaten Philipp Kraft:<\/p>\n<p><img loading=\"lazy\" decoding=\"async\" class=\"alignnone size-medium wp-image-8653\" src=\"https:\/\/cdu-kempen.de\/wp-content\/uploads\/2020\/02\/DSC_0641-390x245.jpg\" alt=\"\" width=\"390\" height=\"245\" \/><\/p>\n<p>Die Kreistagskandidaten:<\/p>\n<p><img loading=\"lazy\" decoding=\"async\" class=\"alignnone size-medium wp-image-8654\" src=\"https:\/\/cdu-kempen.de\/wp-content\/uploads\/2020\/02\/DSC_0661-390x245.jpg\" alt=\"\" width=\"390\" height=\"245\" \/><\/p>\n<p><img loading=\"lazy\" decoding=\"async\" class=\"alignnone size-medium wp-image-8655\" src=\"https:\/\/cdu-kempen.de\/wp-content\/uploads\/2020\/02\/DSC_0636-390x245.jpg\" alt=\"\" width=\"390\" height=\"245\" \/><\/p>\n<p><img loading=\"lazy\" decoding=\"async\" class=\"alignnone size-medium wp-image-8656\" src=\"https:\/\/cdu-kempen.de\/wp-content\/uploads\/2020\/02\/DSC_0656-390x245.jpg\" alt=\"\" width=\"390\" height=\"245\" \/><\/p>\n<p>[\/et_pb_text][\/et_pb_column][\/et_pb_row][\/et_pb_section]<\/p>\n","protected":false},"excerpt":{"rendered":"<p>Auf der Mitgliederversammlung der CDU Kempen wurden am 12. Februar die Weichen f\u00fcr die Kommunalwahl gestellt. F\u00fcr alle 20 Kempener Ratswahlbezirke und die drei Kreistagswahlbezirke auf Kempener Gebiet wurden die Kandidaten mit breiter Zustimmung aufgestellt. CDU Parteivorsitzender und B\u00fcrgermeisterkandidat Philipp Kraft begr\u00fc\u00dfte die \u00fcber 100 anwesenden Mitglieder und stimmte sie in einem kurzen Impulsvortrag auf [&hellip;]<\/p>\n","protected":false},"author":6,"featured_media":8652,"comment_status":"closed","ping_status":"open","sticky":false,"template":"","format":"standard","meta":{"_et_pb_use_builder":"on","_et_pb_old_content":"<h5>Auf der Mitgliederversammlung der CDU Kempen wurden am 12. Februar die Weichen f\u00fcr die Kommunalwahl gestellt. F\u00fcr alle 20 Kempener Ratswahlbezirke und die drei Kreistagswahlbezirke auf Kempener Gebiet wurden die Kandidaten mit breiter Zustimmung aufgestellt.<\/h5>\r\n<h5>CDU Parteivorsitzender und <a href=\"https:\/\/pkraft.de\" style=\"font-size:16px !important;font-family: 'Oswald' !important;\">B\u00fcrgermeisterkandidat Philipp Kraft<\/a> begr\u00fc\u00dfte die \u00fcber 100 anwesenden Mitglieder und stimmte sie in einem kurzen Impulsvortrag auf die anstehende Wahl ein: \u201eWir d\u00fcrfen unsere Stadt nicht der linken Ideologie der SPD und der Gr\u00fcnen \u00fcberlassen. Von der Wahl geht eine Richtungsentscheidung aus, wie sich unsere Stadt weiter entwickeln wird. Geben wir also gemeinsam alles daf\u00fcr, auch in diesem Jahr wieder in allen 20 Wahlbezirken die B\u00fcrgerinnen und B\u00fcrger von unseren Ideen zu \u00fcberzeugen.\u201c<\/h5>\r\nAnschlie\u00dfend folgte die Vorstellung der 20 Ratskandidaten. Dabei zeigte sich die Vielf\u00e4ltigkeit der CDU Kempen, die auch im neuen Team vertreten sein wird. Vom Studenten bis zum Rentner sind alle Altersgruppen vertreten, verschiedenste Berufsgruppen und unterschiedliche Lebensl\u00e4ufe, die zeigen, dass alleine die CDU in Kempen die breite Masse der Bev\u00f6lkerung abbilden kann. \u201eWir k\u00f6nnen Kempen\u201c, brachte B\u00fcrgermeisterkandidat Philipp Kraft dies auf den Punkt. Bei allen Vorstellungen zeigte sich die Heimatverbundenheit der Ratskandidaten, von denen viele nicht nur eins, sondern gleich mehrere Ehren\u00e4mter aus\u00fcben.\r\n\r\nZum Abschluss des Abends stellten sich au\u00dferdem die Kandidaten f\u00fcr den Kreistag vor. Die CDU Kempen konnte bei ihrer Mitgliederversammlung lediglich ein Votum f\u00fcr den CDU Kreisparteitag abgeben, der die letztliche Entscheidung trifft. Die Kandidaten unterstrichen die gute Zusammenarbeit mit dem Kreis und der CDU Kreistagsfraktion in den letzten Jahren und betonten, dass der gute Draht ein gro\u00dfer Vorteil f\u00fcr Kempen ist.\r\n\r\nAlle Kandidaten wurden mit gro\u00dfen Zustimmungswerten gew\u00e4hlt. F\u00fcr den den Wahlkreis 3100 gab es zwei Bewerber. Der jetzige Stadtverordnete und CDU-Gesch\u00e4ftsf\u00fchrer Hans-Willi Schmitz setzt sich gegen Dr. Martin von Hassel durch.\r\n\r\nDer stellvertretende B\u00fcrgermeister Hans-Peter van der Bloemen res\u00fcmierte: \u201eWir werden bis zum Schluss k\u00e4mpfen, um diese Kommunalwahl f\u00fcr uns zu entscheiden.\u201c\r\n<h4><strong>CDU Kempen - Stadtratskandidaten f\u00fcr die Kommunalwahl am 13. September 2020<\/strong><\/h4>\r\n<table width=\"514\">\r\n<tbody>\r\n<tr>\r\n<td width=\"139\"><strong>Ortsteil<\/strong><\/td>\r\n<td width=\"74\"><strong>Bezirk<\/strong><\/td>\r\n<td width=\"301\"><strong>Vorschlag <\/strong><\/td>\r\n<\/tr>\r\n<tr>\r\n<td width=\"139\">Land<\/td>\r\n<td width=\"74\">3010<\/td>\r\n<td width=\"301\">Coenen, Peter-Josef<\/td>\r\n<\/tr>\r\n<tr>\r\n<td width=\"139\">Kempen<\/td>\r\n<td width=\"74\">3020<\/td>\r\n<td width=\"301\">Fischer, Peter<\/td>\r\n<\/tr>\r\n<tr>\r\n<td width=\"139\"><\/td>\r\n<td width=\"74\">3030<\/td>\r\n<td width=\"301\">St\u00fcckemann, Gerd-Wilhelm<\/td>\r\n<\/tr>\r\n<tr>\r\n<td width=\"139\"><\/td>\r\n<td width=\"74\">3040<\/td>\r\n<td width=\"301\">Stenhorst, Willi<\/td>\r\n<\/tr>\r\n<tr>\r\n<td width=\"139\"><\/td>\r\n<td width=\"74\">3050<\/td>\r\n<td width=\"301\">H\u00f6ltken, Heike<\/td>\r\n<\/tr>\r\n<tr>\r\n<td width=\"139\"><\/td>\r\n<td width=\"74\">3060<\/td>\r\n<td width=\"301\">Funken, Georg<\/td>\r\n<\/tr>\r\n<tr>\r\n<td width=\"139\"><\/td>\r\n<td width=\"74\">3070<\/td>\r\n<td width=\"301\">Herbst, Jochen<\/td>\r\n<\/tr>\r\n<tr>\r\n<td width=\"139\"><\/td>\r\n<td width=\"74\">3080<\/td>\r\n<td width=\"301\">Michael, Marc<\/td>\r\n<\/tr>\r\n<tr>\r\n<td width=\"139\"><\/td>\r\n<td width=\"74\">3090<\/td>\r\n<td width=\"301\">Schrage Sigrid<\/td>\r\n<\/tr>\r\n<tr>\r\n<td width=\"139\"><strong>\u00a0<\/strong><\/td>\r\n<td width=\"74\">3100<\/td>\r\n<td width=\"301\">Schmitz, Hans-Willi<\/td>\r\n<\/tr>\r\n<tr>\r\n<td width=\"139\"><\/td>\r\n<td width=\"74\">3110<\/td>\r\n<td width=\"301\">H\u00f6ner, Carsten<\/td>\r\n<\/tr>\r\n<tr>\r\n<td width=\"139\"><\/td>\r\n<td width=\"74\">3120<\/td>\r\n<td width=\"301\">Thiel, Sebastian van<\/td>\r\n<\/tr>\r\n<tr>\r\n<td width=\"139\"><\/td>\r\n<td width=\"74\">3130<\/td>\r\n<td width=\"301\">Gremmel-Geuchen, Ute<\/td>\r\n<\/tr>\r\n<tr>\r\n<td width=\"139\">St. Hubert<\/td>\r\n<td width=\"74\">3140<\/td>\r\n<td width=\"301\">Smeets, Michael<\/td>\r\n<\/tr>\r\n<tr>\r\n<td width=\"139\"><\/td>\r\n<td width=\"74\">3150<\/td>\r\n<td width=\"301\">Bloemen, Hans-Peter van der<\/td>\r\n<\/tr>\r\n<tr>\r\n<td width=\"139\"><\/td>\r\n<td width=\"74\">3160<\/td>\r\n<td width=\"301\">Beyss, Stefanie<\/td>\r\n<\/tr>\r\n<tr>\r\n<td width=\"139\"><\/td>\r\n<td width=\"74\">3170<\/td>\r\n<td width=\"301\">Scheiermann, Gero<\/td>\r\n<\/tr>\r\n<tr>\r\n<td width=\"139\"><\/td>\r\n<td width=\"74\">3180<\/td>\r\n<td width=\"301\">Drabben, Christian<\/td>\r\n<\/tr>\r\n<tr>\r\n<td width=\"139\">T\u00f6nisberg<\/td>\r\n<td width=\"74\">3190<\/td>\r\n<td width=\"301\">Rodheudt, Till<\/td>\r\n<\/tr>\r\n<tr>\r\n<td width=\"139\"><\/td>\r\n<td width=\"74\">3200<\/td>\r\n<td width=\"301\">Thelen, Maximilian<\/td>\r\n<\/tr>\r\n<\/tbody>\r\n<\/table>\r\n<a href=\"https:\/\/cdu-kempen.de\/wp-content\/uploads\/2020\/02\/CDU-Kempen_Stadtrats-und-Kreistagskandidaten-Kommunalwahl-13.09.2020.pdf\">CDU Kempen_Stadtrats- und Kreistagskandidaten Kommunalwahl 13.09.2020<\/a>\r\n\r\n<a href=\"https:\/\/cdu-kempen.de\/wp-content\/uploads\/2020\/02\/CDU-Kempen_Reserveliste-Kommunalwahl-13.09.2020.pdf\">CDU Kempen_Reserveliste Kommunalwahl 13.09.2020<\/a>\r\n\r\nDas Team der Stadtratskandidaten mit dem CDU-B\u00fcrgermeisterkandidaten Philipp Kraft:\r\n\r\n<img class=\"alignnone size-medium wp-image-8653\" src=\"https:\/\/cdu-kempen.de\/wp-content\/uploads\/2020\/02\/DSC_0641-390x245.jpg\" alt=\"\" width=\"390\" height=\"245\" \/>\r\n\r\nDie Kreistagskandidaten:\r\n\r\n<img class=\"alignnone size-medium wp-image-8654\" src=\"https:\/\/cdu-kempen.de\/wp-content\/uploads\/2020\/02\/DSC_0661-390x245.jpg\" alt=\"\" width=\"390\" height=\"245\" \/>\r\n\r\n<img class=\"alignnone size-medium wp-image-8655\" src=\"https:\/\/cdu-kempen.de\/wp-content\/uploads\/2020\/02\/DSC_0636-390x245.jpg\" alt=\"\" width=\"390\" height=\"245\" \/>\r\n\r\n<img class=\"alignnone size-medium wp-image-8656\" src=\"https:\/\/cdu-kempen.de\/wp-content\/uploads\/2020\/02\/DSC_0656-390x245.jpg\" alt=\"\" width=\"390\" height=\"245\" \/>","_et_gb_content_width":"","footnotes":""},"categories":[1],"tags":[],"class_list":["post-8651","post","type-post","status-publish","format-standard","has-post-thumbnail","hentry","category-uncategorized"],"_links":{"self":[{"href":"https:\/\/cdu-kempen.de\/index.php\/wp-json\/wp\/v2\/posts\/8651"}],"collection":[{"href":"https:\/\/cdu-kempen.de\/index.php\/wp-json\/wp\/v2\/posts"}],"about":[{"href":"https:\/\/cdu-kempen.de\/index.php\/wp-json\/wp\/v2\/types\/post"}],"author":[{"embeddable":true,"href":"https:\/\/cdu-kempen.de\/index.php\/wp-json\/wp\/v2\/users\/6"}],"replies":[{"embeddable":true,"href":"https:\/\/cdu-kempen.de\/index.php\/wp-json\/wp\/v2\/comments?post=8651"}],"version-history":[{"count":6,"href":"https:\/\/cdu-kempen.de\/index.php\/wp-json\/wp\/v2\/posts\/8651\/revisions"}],"predecessor-version":[{"id":12021,"href":"https:\/\/cdu-kempen.de\/index.php\/wp-json\/wp\/v2\/posts\/8651\/revisions\/12021"}],"wp:featuredmedia":[{"embeddable":true,"href":"https:\/\/cdu-kempen.de\/index.php\/wp-json\/wp\/v2\/media\/8652"}],"wp:attachment":[{"href":"https:\/\/cdu-kempen.de\/index.php\/wp-json\/wp\/v2\/media?parent=8651"}],"wp:term":[{"taxonomy":"category","embeddable":true,"href":"https:\/\/cdu-kempen.de\/index.php\/wp-json\/wp\/v2\/categories?post=8651"},{"taxonomy":"post_tag","embeddable":true,"href":"https:\/\/cdu-kempen.de\/index.php\/wp-json\/wp\/v2\/tags?post=8651"}],"curies":[{"name":"wp","href":"https:\/\/api.w.org\/{rel}","templated":true}]}}