{"id":8686,"date":"2020-03-16T15:05:19","date_gmt":"2020-03-16T15:05:19","guid":{"rendered":"https:\/\/cdu-kempen.de\/?p=8686"},"modified":"2020-03-16T15:39:51","modified_gmt":"2020-03-16T15:39:51","slug":"stellungnahme-zum-corona-virus-cdu-fraktion","status":"publish","type":"post","link":"https:\/\/cdu-kempen.de\/index.php\/stellungnahme-zum-corona-virus-cdu-fraktion\/","title":{"rendered":"Stellungnahme zum Corona-Virus &#8211; CDU-Fraktion"},"content":{"rendered":"<p>Liebe Kempener, das Corona-Virus stellt uns alle vor besondere Herausforderungen. Die Fallzahlen nehmen weiter zu, und es ist noch nicht abzusehen, wann diese Krise \u00fcberstanden sein wird. Deshalb ist es jetzt notwendig, erstens die Ausbreitung des Virus zu verlangsamen. Denn je weniger Menschen sich gleichzeitig anstecken, desto besser k\u00f6nnen schwer erkrankte Patienten behandelt werden. Daher hat die Landesregierung eine Reihe von Entscheidungen zum Schutz der Menschen getroffen, die das soziale Leben von uns allen einschr\u00e4nken. Zweitens m\u00fcssen die Menschen vor den wirtschaftlichen Folgen dieser Pandemie gesch\u00fctzt werden. Dazu hat die Bundesregierung ein ganzes B\u00fcndel von Ma\u00dfnahmen ergriffen, um Arbeitnehmer, Selbst\u00e4ndige und Unternehmen zu unterst\u00fctzen. Drittens steht unsere Gesellschaft vor eine Bew\u00e4hrungsprobe: Es geht darum, uns selbst und andere durch entsprechendes Verhalten zu sch\u00fctzen. Es geht aber auch darum, zusammenzuhalten und uns um unsere Mitb\u00fcrgerinnen und Mitb\u00fcrger zu k\u00fcmmern.<\/p>\n<p>Jeder kann etwas tun: Wenn wir \u00e4ltere Menschen nicht besuchen d\u00fcrfen, k\u00f6nnen wir \u00f6fter zum Telefonh\u00f6rer greifen, um sie nicht alleine zu lassen. Wenn Menschen in unserer Nachbarschaft unter Quarant\u00e4ne gestellt werden, k\u00f6nnen wir f\u00fcr sie einkaufen oder ein Nachbarschaftsnetzwerk zur gegenseitigen Hilfe aufbauen.<\/p>\n<p>Setzen Sie sich zun\u00e4chst telefonisch mit Ihrem Hausarzt in Verbindung und folgen Sie seinen Anweisungen. Au\u00dferhalb der \u00d6ffnungszeiten der \u00c4rzte ist in einem konkreten Coronavirus-Verdachtsfall der \u00e4rztliche Notdienst unter der bundesweit einheitlichen und kostenlosen Rufnummer Notrufnummer 116 117 zu erreichen.<\/p>\n<p>Zudem erreichen Sie das B\u00fcrgertelefon des Kreises Viersen unter der Rufnummer <strong>0 21 62 \/ 50 19 35 0 von 8.00 bis 19.00 Uhr.<\/strong><\/p>\n<p>Aktuelle Hinweise mit Flyern zum Herunterladen finden Sie auf der Webseite der Stadt Kempen.\u00a0 <a href=\"https:\/\/www.kempen.de\/\">https:\/\/www.kempen.de\/<\/a><\/p>\n<p>Wegen der Schlie\u00dfung von Kitas und Schulen ist das Info-Telefon der Stadt Kempen f\u00fcr die betroffene Eltern Montag &#8211; Freitag von 10 &#8211; 16 Uhr freigeschaltet. Es ist zu erreichen unter Rufnummer: 0 21 52 \/\u00a0 917 &#8211; 4444.<\/p>\n<p>Alle Ausschusssitzungen sind bis zum Ende Osterferien abgesagt. \u00dcber die Entscheidungsfindung f\u00fcr wichtige Beschl\u00fcsse werden sich die Fraktionen in den n\u00e4chsten Tagen einigen. Die CDU-Fraktion Kempen hat die f\u00fcr das kommende Wochenende geplante Klausurtagung aufgrund der Corona-Ereignisse abgesagt.<\/p>\n<p>Wir werden diese Krise \u00fcberstehen. Aber jeder steht in der Verantwortung, seinen Teil dazu beizutragen. Vorsichtig sein, um eine Ansteckung zu vermeiden. Besonnen sein und sich an beh\u00f6rdliche Anweisungen und Empfehlungen halten.<\/p>\n<p>Lassen Sie uns optimistisch sein, um diese schwierige Situation zu meistern.<\/p>\n<p>Bleiben Sie gesund!<\/p>\n<p>Jochen Herbst<\/p>\n<p>Vorsitzender der CDU-Fraktion<\/p>\n","protected":false},"excerpt":{"rendered":"<p>Liebe Kempener, das Corona-Virus stellt uns alle vor besondere Herausforderungen. Die Fallzahlen nehmen weiter zu, und es ist noch nicht abzusehen, wann diese Krise \u00fcberstanden sein wird. Deshalb ist es jetzt notwendig, erstens die Ausbreitung des Virus zu verlangsamen. Denn je weniger Menschen sich gleichzeitig anstecken, desto besser k\u00f6nnen schwer erkrankte Patienten behandelt werden. Daher [&hellip;]<\/p>\n","protected":false},"author":6,"featured_media":8690,"comment_status":"closed","ping_status":"open","sticky":false,"template":"","format":"standard","meta":{"_et_pb_use_builder":"","_et_pb_old_content":"","_et_gb_content_width":"","footnotes":""},"categories":[1],"tags":[],"class_list":["post-8686","post","type-post","status-publish","format-standard","has-post-thumbnail","hentry","category-uncategorized"],"_links":{"self":[{"href":"https:\/\/cdu-kempen.de\/index.php\/wp-json\/wp\/v2\/posts\/8686"}],"collection":[{"href":"https:\/\/cdu-kempen.de\/index.php\/wp-json\/wp\/v2\/posts"}],"about":[{"href":"https:\/\/cdu-kempen.de\/index.php\/wp-json\/wp\/v2\/types\/post"}],"author":[{"embeddable":true,"href":"https:\/\/cdu-kempen.de\/index.php\/wp-json\/wp\/v2\/users\/6"}],"replies":[{"embeddable":true,"href":"https:\/\/cdu-kempen.de\/index.php\/wp-json\/wp\/v2\/comments?post=8686"}],"version-history":[{"count":5,"href":"https:\/\/cdu-kempen.de\/index.php\/wp-json\/wp\/v2\/posts\/8686\/revisions"}],"predecessor-version":[{"id":8698,"href":"https:\/\/cdu-kempen.de\/index.php\/wp-json\/wp\/v2\/posts\/8686\/revisions\/8698"}],"wp:featuredmedia":[{"embeddable":true,"href":"https:\/\/cdu-kempen.de\/index.php\/wp-json\/wp\/v2\/media\/8690"}],"wp:attachment":[{"href":"https:\/\/cdu-kempen.de\/index.php\/wp-json\/wp\/v2\/media?parent=8686"}],"wp:term":[{"taxonomy":"category","embeddable":true,"href":"https:\/\/cdu-kempen.de\/index.php\/wp-json\/wp\/v2\/categories?post=8686"},{"taxonomy":"post_tag","embeddable":true,"href":"https:\/\/cdu-kempen.de\/index.php\/wp-json\/wp\/v2\/tags?post=8686"}],"curies":[{"name":"wp","href":"https:\/\/api.w.org\/{rel}","templated":true}]}}