{"id":8692,"date":"2020-03-16T15:11:27","date_gmt":"2020-03-16T15:11:27","guid":{"rendered":"https:\/\/cdu-kempen.de\/?p=8692"},"modified":"2020-03-16T15:14:40","modified_gmt":"2020-03-16T15:14:40","slug":"stellungnahme-cdu-buergermeisterkandidat-philipp-kraft","status":"publish","type":"post","link":"https:\/\/cdu-kempen.de\/index.php\/stellungnahme-cdu-buergermeisterkandidat-philipp-kraft\/","title":{"rendered":"Stellungnahme CDU-B\u00fcrgermeisterkandidat Philipp Kraft"},"content":{"rendered":"<p>Liebe Kempener,<\/p>\n<p>auf uns kommen einige schwierige Wochen zu. Gemeinsam werden wir diese Corona-Krise durchstehen. Kempen h\u00e4lt zusammen!<\/p>\n<p>Zu diesem Zeitpunkt kommt<span class=\"textexposedshow\"> es auf uns alle an, die Ausbreitung des Virus zu verlangsamen, um gerade die \u00c4lteren und Schwachen unserer Gesellschaft vor einer Infektion zu sch\u00fctzen. In der aktuellen Lage m\u00fcssen wir alle besonnen und diszipliniert handeln. Wir m\u00fcssen die empfohlenen Ma\u00dfnahmen ernst nehmen!<\/span><\/p>\n<p>Die momentane Krise ist aber auch Ausgangpunkt f\u00fcr viel Solidarit\u00e4t, R\u00fccksichtnahme und Engagement \u2013 gerade auch f\u00fcr die schw\u00e4cheren und \u00e4lteren Mitmenschen unserer Stadt. Gerade in den sozialen Medien werden viele Hilfestellungen angeboten. Das macht mit Mut und gibt Zuversicht zugleich. Daher meine Bitte an Sie alle: Geben Sie aufeinander Acht und helfen Sie Ihren und Euren Nachbarinnen und Nachbarn.<\/p>\n<p>Insbesondere m\u00f6chte ich mich bei all denjenigen bedanken, die gegen das Virus k\u00e4mpfen und unser aktuelles Zusammenleben organisieren. Allen Frauen und M\u00e4nnern, die in Krankenh\u00e4usern und Arztpraxen, bei Polizei, Feuerwehr, Rettungsdienst und Katastrophenschutz, im \u00d6PNV, Einzelhandel oder Versorgungsunternehmen, in Verwaltung und Krisenst\u00e4ben t\u00e4tig sind, m\u00f6chte ich mein herzliches DANKESCH\u00d6N aussprechen! Sie leisten einen gro\u00dfartigen Einsatz!<\/p>\n<p>Passt auf Euch \/ passen Sie auf sich auf und bleibt alle gesund.<\/p>\n<p>Euer \/ Ihr<br \/>\nPhilipp Kraft<\/p>\n","protected":false},"excerpt":{"rendered":"<p>Liebe Kempener, auf uns kommen einige schwierige Wochen zu. Gemeinsam werden wir diese Corona-Krise durchstehen. Kempen h\u00e4lt zusammen! Zu diesem Zeitpunkt kommt es auf uns alle an, die Ausbreitung des Virus zu verlangsamen, um gerade die \u00c4lteren und Schwachen unserer Gesellschaft vor einer Infektion zu sch\u00fctzen. In der aktuellen Lage m\u00fcssen wir alle besonnen und [&hellip;]<\/p>\n","protected":false},"author":6,"featured_media":8696,"comment_status":"closed","ping_status":"open","sticky":false,"template":"","format":"standard","meta":{"_et_pb_use_builder":"","_et_pb_old_content":"","_et_gb_content_width":"","footnotes":""},"categories":[1],"tags":[],"class_list":["post-8692","post","type-post","status-publish","format-standard","has-post-thumbnail","hentry","category-uncategorized"],"_links":{"self":[{"href":"https:\/\/cdu-kempen.de\/index.php\/wp-json\/wp\/v2\/posts\/8692"}],"collection":[{"href":"https:\/\/cdu-kempen.de\/index.php\/wp-json\/wp\/v2\/posts"}],"about":[{"href":"https:\/\/cdu-kempen.de\/index.php\/wp-json\/wp\/v2\/types\/post"}],"author":[{"embeddable":true,"href":"https:\/\/cdu-kempen.de\/index.php\/wp-json\/wp\/v2\/users\/6"}],"replies":[{"embeddable":true,"href":"https:\/\/cdu-kempen.de\/index.php\/wp-json\/wp\/v2\/comments?post=8692"}],"version-history":[{"count":1,"href":"https:\/\/cdu-kempen.de\/index.php\/wp-json\/wp\/v2\/posts\/8692\/revisions"}],"predecessor-version":[{"id":8694,"href":"https:\/\/cdu-kempen.de\/index.php\/wp-json\/wp\/v2\/posts\/8692\/revisions\/8694"}],"wp:featuredmedia":[{"embeddable":true,"href":"https:\/\/cdu-kempen.de\/index.php\/wp-json\/wp\/v2\/media\/8696"}],"wp:attachment":[{"href":"https:\/\/cdu-kempen.de\/index.php\/wp-json\/wp\/v2\/media?parent=8692"}],"wp:term":[{"taxonomy":"category","embeddable":true,"href":"https:\/\/cdu-kempen.de\/index.php\/wp-json\/wp\/v2\/categories?post=8692"},{"taxonomy":"post_tag","embeddable":true,"href":"https:\/\/cdu-kempen.de\/index.php\/wp-json\/wp\/v2\/tags?post=8692"}],"curies":[{"name":"wp","href":"https:\/\/api.w.org\/{rel}","templated":true}]}}