{"id":8700,"date":"2020-03-19T13:47:09","date_gmt":"2020-03-19T13:47:09","guid":{"rendered":"https:\/\/cdu-kempen.de\/?p=8700"},"modified":"2020-03-19T13:48:56","modified_gmt":"2020-03-19T13:48:56","slug":"staedtische-unterstuetzungsmassnahmen-zur-liquiditaetssicherung-unseres-einzelhandels-und-unserer-gastronomie-in-kempen-anbieten","status":"publish","type":"post","link":"https:\/\/cdu-kempen.de\/index.php\/staedtische-unterstuetzungsmassnahmen-zur-liquiditaetssicherung-unseres-einzelhandels-und-unserer-gastronomie-in-kempen-anbieten\/","title":{"rendered":"St\u00e4dtische Unterst\u00fctzungsma\u00dfnahmen zur Liquidit\u00e4tssicherung unseres Einzelhandels und unserer Gastronomie in Kempen anbieten"},"content":{"rendered":"<p><strong>Philipp Kraft:<br \/>\nSt\u00e4dtische Unterst\u00fctzungsma\u00dfnahmen zur Liquidit\u00e4tssicherung unseres Einzelhandels und unserer Gastronomie in Kempen anbieten\u00a0<\/strong><\/p>\n<p>Mit dem Erlass des Ministeriums f\u00fcr Arbeit, Gesundheit und Soziales des Landes Nordrhein-Westfalen wird das \u00f6ffentliche Leben in Nordrhein-Westfalen sp\u00fcrbar eingeschr\u00e4nkt, um die Pandemie durch Virus COVID 19 einzud\u00e4mmen. Wie lange diese Restriktionen aufrechterhalten werden m\u00fcssen oder gar noch versch\u00e4rft werden, ist derzeit nicht seri\u00f6s abzusch\u00e4tzen.\u00a0 Wir alle \u2013 auch hier in Kempen &#8211; m\u00fcssen unseren Beitrag leisten und uns in dieser bedrohlichen Lage entsprechend der beh\u00f6rdlichen Vorgaben verhalten. Dem Schutz unserer Gesundheit und des Lebens ist alles andere unterzuordnen.<\/p>\n<p>Fakt ist aber auch, dass unsere \u00f6rtliche Wirtschaft unter Druck ger\u00e4t und die Folgen noch nicht absehbar sind. Bundes \u2013 und Landesregierung sind dabei, entsprechende Hilfsma\u00dfnahmen auf den Weg zu bringen, um auch kleineren Unternehmen, Existenzgr\u00fcndern und Selbst\u00e4ndigen und deren Mitarbeiter\/innen m\u00f6glichst wirkungsvolle und vor allem schnelle Unterst\u00fctzung anzubieten. Wir stehen hier im direktem Austausch mit unseren Abgebordneten Uwe Schummer MdB und Dr. Marcus Optendrenk MdL NRW.<\/p>\n<p>Besonders betroffen sind derzeit unserer Einzelh\u00e4ndler und Gastronomen, die in Teilen wegen des Erlasses ihre Gesch\u00e4fte umgehend schlie\u00dfen oder die \u00d6ffnungszeiten drastisch einschr\u00e4nken mussten. Das ist ein herber, teilweise existenzbedrohender Einschnitt, zumal auch die kommenden umsatzstarken Stadtfeste abgesagt wurden. Es ist daher absolut vorrangig, daf\u00fcr zu sorgen, dass die Liquidit\u00e4t aufrechterhalten werden kann. Neben den anlaufenden Bundes- und Landesprogrammen, die es einzubinden gilt, spreche ich mich mit Nachdruck daf\u00fcr aus, dass hier auch die Stadt Kempen im Rahmen ihrer M\u00f6glichkeiten sofort aktiv wird. F\u00fcr den inhabergef\u00fchrten Einzelhandel und die betroffene Gastronomie gilt es jetzt unmittelbar zusammen mit der Politik, Verwaltung und dem Werbering Kempen bzw. Werbe- und B\u00fcrgerring St. Hubert f\u00fcr diese Gruppe entsprechend wirksame Unterst\u00fctzungsma\u00dfnahmen zur Liquidit\u00e4tssicherung abzustimmen.<\/p>\n<p>Konkrete tempor\u00e4r g\u00fcltige Ma\u00dfnahmen k\u00f6nnten beispielsweise sein:<\/p>\n<ul>\n<li>\u00a0die Vorauszahlung von Gewerbesteuern auszusetzen<\/li>\n<li>\u00a0Stundungen von Gewerbesteuern ohne Zinsaufschl\u00e4ge zu bewilligen<\/li>\n<li>\u00a0Nutzungsentgelte f\u00fcr die Bewirtschaftung von \u00f6ffentlichen Fl\u00e4chen &#8211; besser als \u201cPflasterzaster\u201c bekannt &#8211; auszusetzen<\/li>\n<\/ul>\n<p>F\u00fcr Kempen ist die lebendige Innenstadt, die gerade durch inhabergef\u00fchrte Gesch\u00e4fte und die Gastronomie gepr\u00e4gt wird, Wesensmerkmal und auch die Versorgung bzw. das Angebot in unseren Ortsteilen steht f\u00fcr unsere \u00fcberdurchschnittliche Lebensqualit\u00e4t.\u00a0 Das d\u00fcrfen wir nicht aufs Spiel setzen und m\u00fcssen jetzt die Kr\u00e4fte b\u00fcndeln.<\/p>\n<p>Mit freundlichen Gr\u00fc\u00dfen<\/p>\n<p>Philipp Kraft<\/p>\n<p>Vorsitzender CDU Stadtverband Kempen<\/p>\n","protected":false},"excerpt":{"rendered":"<p>Philipp Kraft: St\u00e4dtische Unterst\u00fctzungsma\u00dfnahmen zur Liquidit\u00e4tssicherung unseres Einzelhandels und unserer Gastronomie in Kempen anbieten\u00a0 Mit dem Erlass des Ministeriums f\u00fcr Arbeit, Gesundheit und Soziales des Landes Nordrhein-Westfalen wird das \u00f6ffentliche Leben in Nordrhein-Westfalen sp\u00fcrbar eingeschr\u00e4nkt, um die Pandemie durch Virus COVID 19 einzud\u00e4mmen. Wie lange diese Restriktionen aufrechterhalten werden m\u00fcssen oder gar noch versch\u00e4rft werden, [&hellip;]<\/p>\n","protected":false},"author":5,"featured_media":8696,"comment_status":"closed","ping_status":"open","sticky":false,"template":"","format":"standard","meta":{"_et_pb_use_builder":"","_et_pb_old_content":"","_et_gb_content_width":"","footnotes":""},"categories":[1],"tags":[],"class_list":["post-8700","post","type-post","status-publish","format-standard","has-post-thumbnail","hentry","category-uncategorized"],"_links":{"self":[{"href":"https:\/\/cdu-kempen.de\/index.php\/wp-json\/wp\/v2\/posts\/8700"}],"collection":[{"href":"https:\/\/cdu-kempen.de\/index.php\/wp-json\/wp\/v2\/posts"}],"about":[{"href":"https:\/\/cdu-kempen.de\/index.php\/wp-json\/wp\/v2\/types\/post"}],"author":[{"embeddable":true,"href":"https:\/\/cdu-kempen.de\/index.php\/wp-json\/wp\/v2\/users\/5"}],"replies":[{"embeddable":true,"href":"https:\/\/cdu-kempen.de\/index.php\/wp-json\/wp\/v2\/comments?post=8700"}],"version-history":[{"count":3,"href":"https:\/\/cdu-kempen.de\/index.php\/wp-json\/wp\/v2\/posts\/8700\/revisions"}],"predecessor-version":[{"id":8703,"href":"https:\/\/cdu-kempen.de\/index.php\/wp-json\/wp\/v2\/posts\/8700\/revisions\/8703"}],"wp:featuredmedia":[{"embeddable":true,"href":"https:\/\/cdu-kempen.de\/index.php\/wp-json\/wp\/v2\/media\/8696"}],"wp:attachment":[{"href":"https:\/\/cdu-kempen.de\/index.php\/wp-json\/wp\/v2\/media?parent=8700"}],"wp:term":[{"taxonomy":"category","embeddable":true,"href":"https:\/\/cdu-kempen.de\/index.php\/wp-json\/wp\/v2\/categories?post=8700"},{"taxonomy":"post_tag","embeddable":true,"href":"https:\/\/cdu-kempen.de\/index.php\/wp-json\/wp\/v2\/tags?post=8700"}],"curies":[{"name":"wp","href":"https:\/\/api.w.org\/{rel}","templated":true}]}}