{"id":8708,"date":"2020-04-05T20:44:47","date_gmt":"2020-04-05T20:44:47","guid":{"rendered":"https:\/\/cdu-kempen.de\/?p=8708"},"modified":"2020-06-27T07:08:42","modified_gmt":"2020-06-27T07:08:42","slug":"buergermeisterkandidat-philipp-kraft-begruesst-kommunalschutzpaket-der-landesregierung","status":"publish","type":"post","link":"https:\/\/cdu-kempen.de\/index.php\/buergermeisterkandidat-philipp-kraft-begruesst-kommunalschutzpaket-der-landesregierung\/","title":{"rendered":"B\u00fcrgermeisterkandidat Philipp Kraft begr\u00fc\u00dft Kommunalschutzpaket der Landesregierung"},"content":{"rendered":"<p style=\"margin: 0cm; margin-bottom: .0001pt; text-align: center;\" align=\"center\"><strong><span style=\"font-size: 14.0pt;\">Corona-Pandemie: <a href=\"https:\/\/pkraft.de\" style=\"font-size: inherit !important;\">B\u00fcrgermeisterkandidat Philipp Kraft<\/a> begr\u00fc\u00dft Kommunalschutzpaket der Landesregierung<\/span><\/strong><\/p>\n<p align=\"center\">\n<p style=\"margin: 0cm 0cm 8.0pt 0cm;\"><span style=\"font-size: 13.5pt; font-family: 'Calibri','sans-serif';\">Philipp Kraft hat sich in einer Telefonkonferenz mit dem hiesigen Landtagsabgeordneten Dr. Marcus Optendrenk und auch mit B\u00fcrgermeister Volker R\u00fcbo \u00fcber die Lage der Kommunen aufgrund der Corona-Pandemie ausgetauscht. Neben den gesundheitlichen Risiken hat die Corona-Pandemie auch erhebliche Auswirkungen auf die \u00f6rtliche Wirtschaft und damit auch auf die kommunalen Haushalte. In den kommenden Monaten wird auch Kempen mit hoher Wahrscheinlichkeit durch Steuerausf\u00e4lle nennenswerte Einnahmen wegbrechen und damit sp\u00fcrbare finanzielle Engp\u00e4sse verursacht. <\/span><\/p>\n<p style=\"text-align: justify; margin: 0cm 0cm 8.0pt 0cm;\"><span style=\"font-size: 13.5pt; font-family: 'Calibri','sans-serif';\">B\u00fcrgermeisterkandidat und CDU-Vorsitzender Philipp Kraft und Volker R\u00fcbo begr\u00fc\u00dfen das geplante Kommunalschutzpaket der NRW-Landesregierung aus dem Ressort von Landesministerin Ina Scharrenbach, die u.a. f\u00fcr Heimat und Kommunen zust\u00e4ndig ist, als eine \u201cerste gute Hilfe\u201c f\u00fcr die St\u00e4dte und Gemeinden in Nordrhein-Westfalen. \u201eDie Auswirkungen f\u00fcr die Kommunen werden erst in einigen Wochen bzw. Monaten richtig sichtbar und es ist gut, dass die St\u00e4dte und Gemeinden von der Landesregierung hier vorausschauend mit einbezogen werden,\u201c stellt Philipp Kraft fest. \u201eSchon vor der Corona-Krise war klar, dass die Haushaltslage f\u00fcr die Stadt Kempen vor dem Hintergrund der vielf\u00e4ltigen Herausforderungen in den n\u00e4chsten Jahren perspektivisch angespannt sein wird. In der jetzigen Ausnahmesituation ist es daher umso wichtiger, dass die Kommunen unterst\u00fctzt werden, um eine Haushaltssperre oder Haushaltssicherung m\u00f6glichst zu vermeiden. Wir m\u00fcssen handlungsf\u00e4hig bleiben\u201c so Kraft. In die Zukunft blickend ist jedoch festzustellen, dass \u201eman sehen m\u00fcsse, ob die jetzt aufgelegten Ma\u00dfnahmen der Landesregierung ausreichen werden.\u201c<\/span><\/p>\n<p style=\"text-align: justify; margin: 0cm 0cm 8.0pt 0cm;\"><span style=\"font-size: 13.5pt; font-family: 'Calibri','sans-serif';\">Die NRW-Landesregierung hat am Dienstag ein sogenanntes Kommunalschutzpaket beschlossen. Dabei sollen den Kommunen u.a. Finanzmittel aus dem Rettungsschirm des Landes zur Verf\u00fcgung gestellt, Vergaben \u00f6ffentlicher Auftr\u00e4ge (zur Unterst\u00fctzung von Betrieben, um deren Besch\u00e4ftigung zu sichern) und l\u00e4ngere Laufzeitvereinbarungen f\u00fcr Kredite erleichtert werden.<\/span><\/p>\n<p style=\"margin: 0cm 0cm 8.0pt 0cm;\"><span style=\"font-size: 13.5pt; font-family: 'Calibri','sans-serif';\">\u00a0<\/span><\/p>\n<p style=\"margin: 0cm 0cm 8.0pt 0cm;\"><strong><span style=\"font-size: 13.5pt; font-family: 'Calibri','sans-serif';\">Bild:<\/span><\/strong><span style=\"font-size: 13.5pt; font-family: 'Calibri','sans-serif';\"> CDU<\/span><\/p>\n<p style=\"margin: 0cm 0cm 8.0pt 0cm;\"><span style=\"font-size: 13.5pt; font-family: 'Calibri','sans-serif';\">Landesministerin Ina Scharrenbach zusammen mit Philipp Kraft, Dr. Marcus Optendrenk und Volker R\u00fcbo bei ihrem Besuch in Kempen am 25. Oktober 2019.<\/span><\/p>\n","protected":false},"excerpt":{"rendered":"<p>Corona-Pandemie: B\u00fcrgermeisterkandidat Philipp Kraft begr\u00fc\u00dft Kommunalschutzpaket der Landesregierung Philipp Kraft hat sich in einer Telefonkonferenz mit dem hiesigen Landtagsabgeordneten Dr. Marcus Optendrenk und auch mit B\u00fcrgermeister Volker R\u00fcbo \u00fcber die Lage der Kommunen aufgrund der Corona-Pandemie ausgetauscht. Neben den gesundheitlichen Risiken hat die Corona-Pandemie auch erhebliche Auswirkungen auf die \u00f6rtliche Wirtschaft und damit auch auf [&hellip;]<\/p>\n","protected":false},"author":6,"featured_media":8709,"comment_status":"closed","ping_status":"open","sticky":false,"template":"","format":"standard","meta":{"_et_pb_use_builder":"","_et_pb_old_content":"","_et_gb_content_width":"","footnotes":""},"categories":[1],"tags":[],"class_list":["post-8708","post","type-post","status-publish","format-standard","has-post-thumbnail","hentry","category-uncategorized"],"_links":{"self":[{"href":"https:\/\/cdu-kempen.de\/index.php\/wp-json\/wp\/v2\/posts\/8708"}],"collection":[{"href":"https:\/\/cdu-kempen.de\/index.php\/wp-json\/wp\/v2\/posts"}],"about":[{"href":"https:\/\/cdu-kempen.de\/index.php\/wp-json\/wp\/v2\/types\/post"}],"author":[{"embeddable":true,"href":"https:\/\/cdu-kempen.de\/index.php\/wp-json\/wp\/v2\/users\/6"}],"replies":[{"embeddable":true,"href":"https:\/\/cdu-kempen.de\/index.php\/wp-json\/wp\/v2\/comments?post=8708"}],"version-history":[{"count":2,"href":"https:\/\/cdu-kempen.de\/index.php\/wp-json\/wp\/v2\/posts\/8708\/revisions"}],"predecessor-version":[{"id":8711,"href":"https:\/\/cdu-kempen.de\/index.php\/wp-json\/wp\/v2\/posts\/8708\/revisions\/8711"}],"wp:featuredmedia":[{"embeddable":true,"href":"https:\/\/cdu-kempen.de\/index.php\/wp-json\/wp\/v2\/media\/8709"}],"wp:attachment":[{"href":"https:\/\/cdu-kempen.de\/index.php\/wp-json\/wp\/v2\/media?parent=8708"}],"wp:term":[{"taxonomy":"category","embeddable":true,"href":"https:\/\/cdu-kempen.de\/index.php\/wp-json\/wp\/v2\/categories?post=8708"},{"taxonomy":"post_tag","embeddable":true,"href":"https:\/\/cdu-kempen.de\/index.php\/wp-json\/wp\/v2\/tags?post=8708"}],"curies":[{"name":"wp","href":"https:\/\/api.w.org\/{rel}","templated":true}]}}