{"id":8740,"date":"2020-04-24T14:10:39","date_gmt":"2020-04-24T14:10:39","guid":{"rendered":"https:\/\/cdu-kempen.de\/?p=8740"},"modified":"2020-04-26T06:57:18","modified_gmt":"2020-04-26T06:57:18","slug":"ehemaliger-ratsherr-und-ur-kempener-walter-pegels-ist-tot","status":"publish","type":"post","link":"https:\/\/cdu-kempen.de\/index.php\/ehemaliger-ratsherr-und-ur-kempener-walter-pegels-ist-tot\/","title":{"rendered":"Ehemaliger Ratsherr und Ur-Kempener Walter Pegels ist tot"},"content":{"rendered":"<p>Am Freitag, 24.04.2020 verstarb Walter Pegels im Alter von 92 Jahren.\u00a0 Walter Pegels liebte seine Heimatstadt und seine Menschen. In der Thomasstadt wuchs er mit einer Schwester auf.<\/p>\n<p>Der &#8222;Kempsche Jong&#8220; war nicht nur staatlich gepr\u00fcfter Dentist, sondern ebenso gepr\u00fcfter Zahntechniker. Seine Zahnarztpraxis hatte er auf der Thomasstra\u00dfe. Sein Beruf hat ihm immer viel Spa\u00df bereitet. Und er hat stets den &#8222;richtigen Zugang&#8220; zu seinen Patienten gefunden.<br \/>\nIm Alter von 21 Jahren hat er seine Ehefrau Hilde geheiratet, mit der er fast 60 Jahre verheiratet war. Aus der Ehe gingen vier T\u00f6chter hervor. Die Gro\u00dffamilie wuchs um Schwiegers\u00f6hne, f\u00fcnf Enkel und f\u00fcnf Urenkel. Das j\u00fcngste Urenkelkind ist vier Jahre alt. Walter Pegels war im zweiten Weltkrieg noch kurz Soldat und f\u00fcr kurze Zeit in Gefangenschaft.<br \/>\nIn Kempen ist Walter Pegels nicht nur als Zahnarzt bekannt geworden, sondern als B\u00fcrger, der sich f\u00fcr seine Mitmenschen und seine Heimatstadt vorbildlich eingesetzt hat.<br \/>\n\u00dcber 40 Jahre war er Mitglied der CDU, er geh\u00f6rte von 1977 bis 1999 dem Stadtrat an. Er war CDU-Fraktionsgesch\u00e4ftsf\u00fchrer und in verschiedenen Ratsgremien t\u00e4tig. Ebenso war Walter Pegels 18 Jahre Schatzmeister des CDU-Stadtverbandes Kempen.<br \/>\n1993 erhielt er das Bundesverdienstkreuz.<br \/>\nDenn neben seiner politischen Arbeit war Walter Pegels auch ein Mensch, der unter anderem das Brauchtum gepflegt und das Erscheinungsbild der Stadt mitgepr\u00e4gt hat. Von 1983 bis 1985 war er Karnevalprinz. Im Kempener Karnevals-Verein (KKV) hat er 15 Jahre Vorstandsarbeit geleistet. Er war Ehrenleutnant der Prinzengarde. Es hat ihm stets Freude gemacht, wenn er f\u00fcr Kempen etwas bewegen konnte. Als Mitglied im Vorstand des Verkehrsvereins Kempen hat er unter anderem Stadtfeste mit organisiert.<br \/>\nZudem war er Vorsitzender im Philatelisten Verein.<br \/>\nKempen verliert mit Walter Pegels ne echte \u201eKempsche Jong\u201c.<\/p>\n<p>Wir werden uns immer gerne an Walter Pegels erinnern und ihm f\u00fcr alle Zeit ein ehrendes Andenken bewahren.<\/p>\n","protected":false},"excerpt":{"rendered":"<p>Am Freitag, 24.04.2020 verstarb Walter Pegels im Alter von 92 Jahren.\u00a0 Walter Pegels liebte seine Heimatstadt und seine Menschen. In der Thomasstadt wuchs er mit einer Schwester auf. Der &#8222;Kempsche Jong&#8220; war nicht nur staatlich gepr\u00fcfter Dentist, sondern ebenso gepr\u00fcfter Zahntechniker. Seine Zahnarztpraxis hatte er auf der Thomasstra\u00dfe. Sein Beruf hat ihm immer viel Spa\u00df [&hellip;]<\/p>\n","protected":false},"author":6,"featured_media":8743,"comment_status":"closed","ping_status":"open","sticky":false,"template":"","format":"standard","meta":{"_et_pb_use_builder":"","_et_pb_old_content":"","_et_gb_content_width":"","footnotes":""},"categories":[1],"tags":[],"class_list":["post-8740","post","type-post","status-publish","format-standard","has-post-thumbnail","hentry","category-uncategorized"],"_links":{"self":[{"href":"https:\/\/cdu-kempen.de\/index.php\/wp-json\/wp\/v2\/posts\/8740"}],"collection":[{"href":"https:\/\/cdu-kempen.de\/index.php\/wp-json\/wp\/v2\/posts"}],"about":[{"href":"https:\/\/cdu-kempen.de\/index.php\/wp-json\/wp\/v2\/types\/post"}],"author":[{"embeddable":true,"href":"https:\/\/cdu-kempen.de\/index.php\/wp-json\/wp\/v2\/users\/6"}],"replies":[{"embeddable":true,"href":"https:\/\/cdu-kempen.de\/index.php\/wp-json\/wp\/v2\/comments?post=8740"}],"version-history":[{"count":1,"href":"https:\/\/cdu-kempen.de\/index.php\/wp-json\/wp\/v2\/posts\/8740\/revisions"}],"predecessor-version":[{"id":8742,"href":"https:\/\/cdu-kempen.de\/index.php\/wp-json\/wp\/v2\/posts\/8740\/revisions\/8742"}],"wp:featuredmedia":[{"embeddable":true,"href":"https:\/\/cdu-kempen.de\/index.php\/wp-json\/wp\/v2\/media\/8743"}],"wp:attachment":[{"href":"https:\/\/cdu-kempen.de\/index.php\/wp-json\/wp\/v2\/media?parent=8740"}],"wp:term":[{"taxonomy":"category","embeddable":true,"href":"https:\/\/cdu-kempen.de\/index.php\/wp-json\/wp\/v2\/categories?post=8740"},{"taxonomy":"post_tag","embeddable":true,"href":"https:\/\/cdu-kempen.de\/index.php\/wp-json\/wp\/v2\/tags?post=8740"}],"curies":[{"name":"wp","href":"https:\/\/api.w.org\/{rel}","templated":true}]}}