{"id":8820,"date":"2020-06-27T14:35:42","date_gmt":"2020-06-27T14:35:42","guid":{"rendered":"https:\/\/cdu-kempen.de\/?p=8820"},"modified":"2020-06-27T19:02:11","modified_gmt":"2020-06-27T19:02:11","slug":"cdu-kreistagskandidaten","status":"publish","type":"post","link":"https:\/\/cdu-kempen.de\/index.php\/cdu-kreistagskandidaten\/","title":{"rendered":"CDU-Kreistagskandidaten"},"content":{"rendered":"<p>Auf dem Kreisparteitag im Grefrather EisSport &amp; EventPark wurden die Kandidaten f\u00fcr den n\u00e4chsten Kreistag gew\u00e4hlt. Am 13. September 2020 kandidieren f\u00fcr die CDU Kempen:<\/p>\n<p>Der Vorsitzende der CDU-Kreistagsfraktion Peter Fischer (rechts), Heike H\u00f6ltken (ebenfalls bereits Mitglied im Kreistag) und Niklas Hell (links).<\/p>\n","protected":false},"excerpt":{"rendered":"<p>Auf dem Kreisparteitag im Grefrather EisSport &amp; EventPark wurden die Kandidaten f\u00fcr den n\u00e4chsten Kreistag gew\u00e4hlt. Am 13. September 2020 kandidieren f\u00fcr die CDU Kempen: Der Vorsitzende der CDU-Kreistagsfraktion Peter Fischer (rechts), Heike H\u00f6ltken (ebenfalls bereits Mitglied im Kreistag) und Niklas Hell (links).<\/p>\n","protected":false},"author":6,"featured_media":8823,"comment_status":"closed","ping_status":"open","sticky":false,"template":"","format":"standard","meta":{"_et_pb_use_builder":"","_et_pb_old_content":"","_et_gb_content_width":"","footnotes":""},"categories":[1],"tags":[],"class_list":["post-8820","post","type-post","status-publish","format-standard","has-post-thumbnail","hentry","category-uncategorized"],"_links":{"self":[{"href":"https:\/\/cdu-kempen.de\/index.php\/wp-json\/wp\/v2\/posts\/8820"}],"collection":[{"href":"https:\/\/cdu-kempen.de\/index.php\/wp-json\/wp\/v2\/posts"}],"about":[{"href":"https:\/\/cdu-kempen.de\/index.php\/wp-json\/wp\/v2\/types\/post"}],"author":[{"embeddable":true,"href":"https:\/\/cdu-kempen.de\/index.php\/wp-json\/wp\/v2\/users\/6"}],"replies":[{"embeddable":true,"href":"https:\/\/cdu-kempen.de\/index.php\/wp-json\/wp\/v2\/comments?post=8820"}],"version-history":[{"count":3,"href":"https:\/\/cdu-kempen.de\/index.php\/wp-json\/wp\/v2\/posts\/8820\/revisions"}],"predecessor-version":[{"id":8825,"href":"https:\/\/cdu-kempen.de\/index.php\/wp-json\/wp\/v2\/posts\/8820\/revisions\/8825"}],"wp:featuredmedia":[{"embeddable":true,"href":"https:\/\/cdu-kempen.de\/index.php\/wp-json\/wp\/v2\/media\/8823"}],"wp:attachment":[{"href":"https:\/\/cdu-kempen.de\/index.php\/wp-json\/wp\/v2\/media?parent=8820"}],"wp:term":[{"taxonomy":"category","embeddable":true,"href":"https:\/\/cdu-kempen.de\/index.php\/wp-json\/wp\/v2\/categories?post=8820"},{"taxonomy":"post_tag","embeddable":true,"href":"https:\/\/cdu-kempen.de\/index.php\/wp-json\/wp\/v2\/tags?post=8820"}],"curies":[{"name":"wp","href":"https:\/\/api.w.org\/{rel}","templated":true}]}}