{"id":8826,"date":"2020-06-29T13:55:22","date_gmt":"2020-06-29T13:55:22","guid":{"rendered":"https:\/\/cdu-kempen.de\/?p=8826"},"modified":"2020-06-29T13:55:22","modified_gmt":"2020-06-29T13:55:22","slug":"schulcampus-kempen-zukunft-der-weiterfuehrenden-schulen","status":"publish","type":"post","link":"https:\/\/cdu-kempen.de\/index.php\/schulcampus-kempen-zukunft-der-weiterfuehrenden-schulen\/","title":{"rendered":"Schulcampus Kempen \u2013 Zukunft der weiterf\u00fchrenden Schulen"},"content":{"rendered":"<p>Schulcampus muss als Ganzes in den Blick genommen werden<\/p>\n<ul>\n<li>Schulneubau muss in der N\u00e4he der MENSA sein!<\/li>\n<li>Erg\u00e4nzungsantrag von B\u00fcndnis 90\/Die Gr\u00fcnen \u2013 unrealistisch!<\/li>\n<li>Alte Hauptschule \u2013 Neues Holzmodul \u2013 Mensa \u2013 Neubau Gesamtschule!<\/li>\n<li>Neubau Gesamtschule f\u00fcr 700 Sch\u00fcler \u2013 Jahrgangsstufe 5 bis 8!<\/li>\n<li>700 Sch\u00fcler brauchen lt. Schulbaurichtlinie einen Schulhof mit 3.500 m\u00b2!<\/li>\n<li>Eine Schule braucht ein Herz \u2013 deshalb alles zentral um die Mensa bauen!<\/li>\n<li>Ludwig-Jahn-Sportplatz bleibt mit Kleinfeldspielfl\u00e4che erhalten!<\/li>\n<li>Baumbestand an dem Ludwig-Jahn-Sportplatz bleibt erhalten!<\/li>\n<li>Turnhalle Wachtendonker Stra\u00dfe muss weiter genutzt werden!<\/li>\n<li>Erweiterung Sportzentrum Berliner Allee nach Vorbild T\u00f6nisberg<br \/>\nKunstrasenplatz \u2013 400 Meterbahn \u2013 etc.<br \/>\nUnter Mitwirkung von Schulen, Vereinen und Stadtsportverband!<\/li>\n<li>Zwei Machbarkeitsstudien pr\u00fcfen jetzt das Machbare!<\/li>\n<li>Im Anschluss an den Schulneubau dann z\u00fcgige Sanierung der bestehenden<br \/>\nGymnasien!<\/li>\n<li><strong>Ziel muss es sein, dass 2030 alle weiterf\u00fchrenden Schulen FIT f\u00fcr die Zukunft sind!<\/strong><\/li>\n<\/ul>\n<p>Sie sind ganz herzlich eingeladen, sich zu informieren:<\/p>\n<p><strong><a href=\"https:\/\/cdu-kempen.de\/wp-content\/uploads\/2020\/06\/CDU-Fraktion_Schulcampus-Kempen-\u2013-Zukunft-der-weiterf\u00fchrenden-Schulen_2020-06-29.pdf\">CDU-Fraktion_Schulcampus Kempen \u2013 Zukunft der weiterf\u00fchrenden Schulen_2020-06-29<\/a><\/strong><\/p>\n","protected":false},"excerpt":{"rendered":"<p>Schulcampus muss als Ganzes in den Blick genommen werden Schulneubau muss in der N\u00e4he der MENSA sein! Erg\u00e4nzungsantrag von B\u00fcndnis 90\/Die Gr\u00fcnen \u2013 unrealistisch! Alte Hauptschule \u2013 Neues Holzmodul \u2013 Mensa \u2013 Neubau Gesamtschule! Neubau Gesamtschule f\u00fcr 700 Sch\u00fcler \u2013 Jahrgangsstufe 5 bis 8! 700 Sch\u00fcler brauchen lt. Schulbaurichtlinie einen Schulhof mit 3.500 m\u00b2! Eine [&hellip;]<\/p>\n","protected":false},"author":6,"featured_media":8828,"comment_status":"closed","ping_status":"open","sticky":false,"template":"","format":"standard","meta":{"_et_pb_use_builder":"","_et_pb_old_content":"","_et_gb_content_width":"","footnotes":""},"categories":[1],"tags":[],"class_list":["post-8826","post","type-post","status-publish","format-standard","has-post-thumbnail","hentry","category-uncategorized"],"_links":{"self":[{"href":"https:\/\/cdu-kempen.de\/index.php\/wp-json\/wp\/v2\/posts\/8826"}],"collection":[{"href":"https:\/\/cdu-kempen.de\/index.php\/wp-json\/wp\/v2\/posts"}],"about":[{"href":"https:\/\/cdu-kempen.de\/index.php\/wp-json\/wp\/v2\/types\/post"}],"author":[{"embeddable":true,"href":"https:\/\/cdu-kempen.de\/index.php\/wp-json\/wp\/v2\/users\/6"}],"replies":[{"embeddable":true,"href":"https:\/\/cdu-kempen.de\/index.php\/wp-json\/wp\/v2\/comments?post=8826"}],"version-history":[{"count":1,"href":"https:\/\/cdu-kempen.de\/index.php\/wp-json\/wp\/v2\/posts\/8826\/revisions"}],"predecessor-version":[{"id":8829,"href":"https:\/\/cdu-kempen.de\/index.php\/wp-json\/wp\/v2\/posts\/8826\/revisions\/8829"}],"wp:featuredmedia":[{"embeddable":true,"href":"https:\/\/cdu-kempen.de\/index.php\/wp-json\/wp\/v2\/media\/8828"}],"wp:attachment":[{"href":"https:\/\/cdu-kempen.de\/index.php\/wp-json\/wp\/v2\/media?parent=8826"}],"wp:term":[{"taxonomy":"category","embeddable":true,"href":"https:\/\/cdu-kempen.de\/index.php\/wp-json\/wp\/v2\/categories?post=8826"},{"taxonomy":"post_tag","embeddable":true,"href":"https:\/\/cdu-kempen.de\/index.php\/wp-json\/wp\/v2\/tags?post=8826"}],"curies":[{"name":"wp","href":"https:\/\/api.w.org\/{rel}","templated":true}]}}