{"id":894,"date":"2009-09-13T22:30:20","date_gmt":"2009-09-13T20:30:20","guid":{"rendered":"http:\/\/www.cdu-kempen.de\/cdu\/?p=894"},"modified":"2009-09-13T22:30:20","modified_gmt":"2009-09-13T20:30:20","slug":"ein-team-ein-weg-ein-ziel","status":"publish","type":"post","link":"https:\/\/cdu-kempen.de\/index.php\/ein-team-ein-weg-ein-ziel\/","title":{"rendered":"Wir danken unseren W\u00e4hlern"},"content":{"rendered":"<p>Die CDU bleibt die mit gro\u00dfem Abstand st\u00e4rkste Kraft in Kempen. Mit 47,12 % der W\u00e4hlerstimmen erreichte die CDU fast die H\u00e4lfte aller Stimmen. Der B\u00fcrgermeisterkandidat der CDU Volker R\u00fcbo schaffte sogar herausragende 62%.<\/p>\n<p>F\u00fcr das Vertrauen danken wir unseren W\u00e4hlern.<\/p>\n<p>Wir werden unsere Politik der vergangenen Jahre zum Wohle der B\u00fcrgerinnen und B\u00fcrger konsequent fortsetzen.<\/p>\n<p>Wir halten selbstverst\u00e4ndlich auch nach den Wahlen an die in unserem Arbeitsprogramm \u201eKempen 2014\u201c beschriebenen Leitziele fest.<\/p>\n<p>F\u00fcr W\u00fcnsche, Anliegen aber auch sachliche Kritik haben wir auch k\u00fcnftig immer ein offenes Ohr.<\/p>\n<p>Die Konstituierung der neuen CDU-Fraktion kann aus formalrechtlichen Gr\u00fcnden erst nach dem 20.10.2009 erfolgen, da die Amtszeit der derzeitigen Stadtrates erst an diesem Tag endet.<\/p>\n<p>Die neue CDU-Fraktion wird daher auch erst nach dem 21.10.2009 auf unserer Homepage erfolgen.<br \/>\n<!--\n\n\n<p style=\"text-align: left;\" mce_style=\"text-align: left;\"><strong>Mit einem kompetenten Team geht die CDU Kempen am 30. August in die Kommunalwahl.<\/strong><\/p>\n\n\n\nEin starkes Team aus jungen, engagierten Kandidaten und erfahrenen Lokalpolitikern sorgt mit dem kompetenten B\u00fcrgermeisterkandidaten Volker R\u00fcbo f\u00fcr eine verl\u00e4ssliche Politik in Kempen, die in wirtschaftlich schwierigen Zeiten wichtiger denn je ist. Die Mitgliederversammlung der CDU Kempen hat die neue Mannschaft mit eindrucksvollen Ergebnissen nominiert.\n\n\u00a0\n\nF\u00fcr die CDU Kempen kandidieren am 30. August 2009 f\u00fcr den Kempener Stadtrat\n\n\n<table border=\"0\" width=\"500\">\n\n\n<tbody>\n\n\n<tr>\n\n\n<td width=\"300\"><a href=\"http:\/\/cdu-kempen.de\/wp-content\/uploads\/2009\/07\/teamkempenmitte.jpg\" mce_href=\"http:\/\/cdu-kempen.de\/wp-content\/uploads\/2009\/07\/teamkempenmitte.jpg\"><img loading=\"lazy\" decoding=\"async\" class=\"alignleft size-medium wp-image-933\" title=\"Kempen Mitte\" src=\"http:\/\/cdu-kempen.de\/wp-content\/uploads\/2009\/07\/teamkempenmitte-300x187.jpg\" mce_src=\"http:\/\/cdu-kempen.de\/wp-content\/uploads\/2009\/07\/teamkempenmitte-300x187.jpg\" alt=\"Kempen Mitte\" width=\"300\" height=\"187\" \/><\/a><\/td>\n\n\n\n\n<td width=\"200\">\n\n\n<ul>\n\t\n\n<li><strong><a href=\"http:\/\/www.cdu-kempen.de\/?page_id=1101\" mce_href=\"http:\/\/www.cdu-kempen.de\/?page_id=1101\" target=\"_self\">Josef Lamozik<\/a><\/strong><\/li>\n\n\n\t\n\n<li><strong><a href=\"http:\/\/www.cdu-kempen.de\/?page_id=1127\" mce_href=\"http:\/\/www.cdu-kempen.de\/?page_id=1127\" target=\"_self\">Eva Theuerkauf<\/a><\/strong><\/li>\n\n\n\t\n\n<li><strong><a href=\"http:\/\/www.cdu-kempen.de\/?page_id=1168\" mce_href=\"http:\/\/www.cdu-kempen.de\/?page_id=1168\" target=\"_self\">Heike H\u00f6ltken<\/a><\/strong><\/li>\n\n\n\t\n\n<li><strong><a href=\"http:\/\/www.cdu-kempen.de\/?page_id=1063\" mce_href=\"http:\/\/www.cdu-kempen.de\/?page_id=1063\" target=\"_self\">Otto Birkmann<\/a><\/strong><\/li>\n\n\n\t\n\n<li><strong><a href=\"http:\/\/www.cdu-kempen.de\/?page_id=1139\" mce_href=\"http:\/\/www.cdu-kempen.de\/?page_id=1139\" target=\"_self\">Klaus Wollersheim<\/a><\/strong><\/li>\n\n\n\t\n\n<li><strong><a href=\"http:\/\/www.cdu-kempen.de\/?page_id=1012\" mce_href=\"http:\/\/www.cdu-kempen.de\/?page_id=1012\" target=\"_self\">Georg Alsdorf<\/a><\/strong><\/li>\n\n\n<\/ul>\n\n\n<\/td>\n\n\n<\/tr>\n\n\n<\/tbody>\n\n<\/table>\n\n\n\n\n<div><strong>\u00a0<\/strong><\/div>\n\n\n\n\n<table border=\"0\" width=\"500\">\n\n\n<tbody>\n\n\n<tr>\n\n\n<td width=\"300\"><a href=\"http:\/\/cdu-kempen.de\/wp-content\/uploads\/2009\/07\/teamhagelkreuz1.jpg\" mce_href=\"http:\/\/cdu-kempen.de\/wp-content\/uploads\/2009\/07\/teamhagelkreuz1.jpg\"><img loading=\"lazy\" decoding=\"async\" class=\"alignleft size-medium wp-image-934\" title=\"Kempen Hagelkreuz\" src=\"http:\/\/cdu-kempen.de\/wp-content\/uploads\/2009\/07\/teamhagelkreuz1-300x187.jpg\" mce_src=\"http:\/\/cdu-kempen.de\/wp-content\/uploads\/2009\/07\/teamhagelkreuz1-300x187.jpg\" alt=\"Kempen Hagelkreuz\" width=\"300\" height=\"187\" \/><\/a><\/td>\n\n\n\n\n<td width=\"200\">\n\n\n<ul>\n\t\n\n<li><strong><a href=\"http:\/\/www.cdu-kempen.de\/?page_id=1093\" mce_href=\"http:\/\/www.cdu-kempen.de\/?page_id=1093\" target=\"_self\">Peter Fischer<\/a><\/strong><\/li>\n\n\n\t\n\n<li><strong><a href=\"http:\/\/www.cdu-kempen.de\/?page_id=1107\" mce_href=\"http:\/\/www.cdu-kempen.de\/?page_id=1107\" target=\"_self\">Horst Latzel<\/a><\/strong><\/li>\n\n\n\t\n\n<li><strong><a href=\"http:\/\/www.cdu-kempen.de\/?page_id=1120\" mce_href=\"http:\/\/www.cdu-kempen.de\/?page_id=1120\" target=\"_self\">Gerd-Wilhelm\n\u00a0 \u00a0\u00a0 St\u00fcckemann <\/a><\/strong><\/li>\n\n\n<\/ul>\n\n\n\u00a0<\/td>\n\n\n<\/tr>\n\n\n<\/tbody>\n\n<\/table>\n\n\n\n\n<div><strong>\u00a0<\/strong><\/div>\n\n\n\n\n<table border=\"0\" width=\"500\">\n\n\n<tbody>\n\n\n<tr>\n\n\n<td width=\"300\"><a href=\"http:\/\/cdu-kempen.de\/wp-content\/uploads\/2009\/07\/teamsued11.jpg\" mce_href=\"http:\/\/cdu-kempen.de\/wp-content\/uploads\/2009\/07\/teamsued11.jpg\"><img loading=\"lazy\" decoding=\"async\" class=\"alignleft size-medium wp-image-934\" title=\"Kempen S\u00fcd\" src=\"http:\/\/cdu-kempen.de\/wp-content\/uploads\/2009\/07\/teamsued11.jpg\" mce_src=\"http:\/\/cdu-kempen.de\/wp-content\/uploads\/2009\/07\/teamsued11.jpg\" alt=\"Kempen S\u00fcd\" width=\"300\" height=\"187\" \/><\/a><\/td>\n\n\n\n\n<td width=\"200\">\n\n\n<ul>\n\t\n\n<li><strong><strong><a href=\"http:\/\/www.cdu-kempen.de\/?page_id=1146\" mce_href=\"http:\/\/www.cdu-kempen.de\/?page_id=1146\" target=\"_self\">Peter Wolters<\/a><\/strong><\/strong><\/li>\n\n\n\t\n\n<li><strong><a href=\"http:\/\/www.cdu-kempen.de\/?page_id=1174\" mce_href=\"http:\/\/www.cdu-kempen.de\/?page_id=1174\" target=\"_self\">J\u00fcrgen Klement<\/a><\/strong><\/li>\n\n\n\t\n\n<li><strong><a href=\"http:\/\/www.cdu-kempen.de\/?page_id=1160\" mce_href=\"http:\/\/www.cdu-kempen.de\/?page_id=1160\" target=\"_self\">Jochen Herbst<\/a><\/strong><\/li>\n\n\n<\/ul>\n\n\n<\/td>\n\n\n<\/tr>\n\n\n<\/tbody>\n\n<\/table>\n\n\n\n\n<div><strong>\u00a0<\/strong><\/div>\n\n\n\n\n<table border=\"0\" width=\"500\">\n\n\n<tbody>\n\n\n<tr>\n\n\n<td width=\"300\"><a href=\"http:\/\/cdu-kempen.de\/wp-content\/uploads\/2009\/07\/Team-Land-2.gif\" mce_href=\"http:\/\/cdu-kempen.de\/wp-content\/uploads\/2009\/07\/Team-Land-2.gif\"><img loading=\"lazy\" decoding=\"async\" class=\"alignleft size-full wp-image-1631\" title=\"Kempen Land\" src=\"http:\/\/cdu-kempen.de\/wp-content\/uploads\/2009\/07\/Team-Land-2.gif\" mce_src=\"http:\/\/cdu-kempen.de\/wp-content\/uploads\/2009\/07\/Team-Land-2.gif\" alt=\"Kempen Land\" width=\"300\" height=\"187\" \/><\/a><\/td>\n\n\n\n\n<td width=\"200\">\n\n\n<ul>\n\t\n\n<li><strong><a href=\"http:\/\/www.cdu-kempen.de\/?page_id=973\" mce_href=\"http:\/\/www.cdu-kempen.de\/?page_id=973\" target=\"_self\">Hilde Platen<\/a><\/strong><\/li>\n\n\n<\/ul>\n\n\n\n\n<p style=\"padding-left: 30px;\" mce_style=\"padding-left: 30px;\">mit Peter-Josef Coenen Herbert Nopper\nvom Ortsausschuss Land\n\n<strong>\u00a0<\/strong><\/td>\n\n\n<\/tr>\n\n\n<\/tbody>\n\n<\/table>\n\n\n\n\n<div><strong>\u00a0<\/strong><\/div>\n\n\n\n\n<table border=\"0\" width=\"500\">\n\n\n<tbody>\n\n\n<tr>\n\n\n<td width=\"300\"><strong><a href=\"http:\/\/cdu-kempen.de\/wp-content\/uploads\/2009\/07\/teamst_hubert11.jpg\" mce_href=\"http:\/\/cdu-kempen.de\/wp-content\/uploads\/2009\/07\/teamst_hubert11.jpg\"><img decoding=\"async\" title=\"Kempen St. Hubert\" src=\"http:\/\/cdu-kempen.de\/wp-content\/uploads\/2009\/07\/teamst_hubert11-300x187.jpg\" mce_src=\"http:\/\/cdu-kempen.de\/wp-content\/uploads\/2009\/07\/teamst_hubert11-300x187.jpg\" alt=\"Kempen St. Hubert\" \/><\/a><\/strong><\/td>\n\n\n\n\n<td width=\"200\"><strong>\u00a0<\/strong>\n\n\n<ul>\n\t\n\n<li><strong><a href=\"http:\/\/www.cdu-kempen.de\/?page_id=1074\" mce_href=\"http:\/\/www.cdu-kempen.de\/?page_id=1074\" target=\"_self\">Hans-Peter van\n\u00a0 \u00a0\u00a0 der Bloemen<\/a><\/strong><\/li>\n\n\n\t\n\n<li><strong><a href=\"http:\/\/www.cdu-kempen.de\/?page_id=1036\" mce_href=\"http:\/\/www.cdu-kempen.de\/?page_id=1036\" target=\"_self\">Stefanie Beyss<\/a><\/strong><\/li>\n\n\n\t\n\n<li><strong><a href=\"http:\/\/www.cdu-kempen.de\/?page_id=1164\" mce_href=\"http:\/\/www.cdu-kempen.de\/?page_id=1164\" target=\"_self\">Heinz Heyer<\/a><\/strong><\/li>\n\n\n\t\n\n<li><strong><a href=\"http:\/\/www.cdu-kempen.de\/?page_id=1083\" mce_href=\"http:\/\/www.cdu-kempen.de\/?page_id=1083\" target=\"_self\">Wilfried Bogedain<\/a><\/strong><\/li>\n\n\n\t\n\n<li><strong><a href=\"http:\/\/www.cdu-kempen.de\/?page_id=1113\" mce_href=\"http:\/\/www.cdu-kempen.de\/?page_id=1113\" target=\"_self\">Michael Smeets<\/a><\/strong><\/li>\n\n\n<\/ul>\n\n\n<\/td>\n\n\n<\/tr>\n\n\n<\/tbody>\n\n<\/table>\n\n\n\n\n<div><strong>\u00a0<\/strong><\/div>\n\n\n\n\n<table border=\"0\" width=\"500\">\n\n\n<tbody>\n\n\n<tr>\n\n\n<td width=\"300\"><a href=\"http:\/\/cdu-kempen.de\/wp-content\/uploads\/2009\/07\/teamtoenisberg2.jpg\" mce_href=\"http:\/\/cdu-kempen.de\/wp-content\/uploads\/2009\/07\/teamtoenisberg2.jpg\"><img loading=\"lazy\" decoding=\"async\" class=\"alignleft size-medium wp-image-939\" title=\"Kempen T\u00f6nisberg\" src=\"http:\/\/cdu-kempen.de\/wp-content\/uploads\/2009\/07\/teamtoenisberg2-300x187.jpg\" mce_src=\"http:\/\/cdu-kempen.de\/wp-content\/uploads\/2009\/07\/teamtoenisberg2-300x187.jpg\" alt=\"Kempen T\u00f6nisberg\" width=\"300\" height=\"187\" \/><\/a><\/td>\n\n\n\n\n<td width=\"200\">\n\n\n<ul>\n\t\n\n<li><strong><a href=\"http:\/\/www.cdu-kempen.de\/?page_id=1153\" mce_href=\"http:\/\/www.cdu-kempen.de\/?page_id=1153\" target=\"_self\">Monika Gilewski<\/a><\/strong><\/li>\n\n\n\t\n\n<li><strong><a href=\"http:\/\/www.cdu-kempen.de\/?page_id=1133\" mce_href=\"http:\/\/www.cdu-kempen.de\/?page_id=1133\" target=\"_self\">Rita Ulschmid<\/a><\/strong><\/li>\n\n\n<\/ul>\n\n\n\n\n<p style=\"padding-left: 30px;\" mce_style=\"padding-left: 30px;\">mit ihren Stellvertretern\nLutz Weynans\nund Karl R\u00f6gels\u00a0<\/td>\n\n\n<\/tr>\n\n\n<\/tbody>\n\n<\/table>\n\n\n\n\n<div><strong>\u00a0<\/strong><\/div>\n\n\n\n\n<div><strong>\u00a0<\/strong><\/div>\n\n\n--><\/p>\n","protected":false},"excerpt":{"rendered":"<p>Die CDU bleibt die mit gro\u00dfem Abstand st\u00e4rkste Kraft in Kempen. Mit 47,12 % der W\u00e4hlerstimmen erreichte die CDU fast die H\u00e4lfte aller Stimmen. Der B\u00fcrgermeisterkandidat der CDU Volker R\u00fcbo schaffte sogar herausragende 62%.<\/p>\n<p>F\u00fcr das Vertrauen danken wir unseren W\u00e4hlern.<br \/>\nWir werden unsere Politik der vergangenen Jahre zum Wohle der B\u00fcrgerinnen und B\u00fcrger konsequent fortsetzen.<\/p>\n","protected":false},"author":1,"featured_media":0,"comment_status":"closed","ping_status":"closed","sticky":false,"template":"","format":"standard","meta":{"_et_pb_use_builder":"","_et_pb_old_content":"","_et_gb_content_width":"","footnotes":""},"categories":[5],"tags":[],"class_list":["post-894","post","type-post","status-publish","format-standard","hentry","category-aktuelles"],"_links":{"self":[{"href":"https:\/\/cdu-kempen.de\/index.php\/wp-json\/wp\/v2\/posts\/894"}],"collection":[{"href":"https:\/\/cdu-kempen.de\/index.php\/wp-json\/wp\/v2\/posts"}],"about":[{"href":"https:\/\/cdu-kempen.de\/index.php\/wp-json\/wp\/v2\/types\/post"}],"author":[{"embeddable":true,"href":"https:\/\/cdu-kempen.de\/index.php\/wp-json\/wp\/v2\/users\/1"}],"replies":[{"embeddable":true,"href":"https:\/\/cdu-kempen.de\/index.php\/wp-json\/wp\/v2\/comments?post=894"}],"version-history":[{"count":0,"href":"https:\/\/cdu-kempen.de\/index.php\/wp-json\/wp\/v2\/posts\/894\/revisions"}],"wp:attachment":[{"href":"https:\/\/cdu-kempen.de\/index.php\/wp-json\/wp\/v2\/media?parent=894"}],"wp:term":[{"taxonomy":"category","embeddable":true,"href":"https:\/\/cdu-kempen.de\/index.php\/wp-json\/wp\/v2\/categories?post=894"},{"taxonomy":"post_tag","embeddable":true,"href":"https:\/\/cdu-kempen.de\/index.php\/wp-json\/wp\/v2\/tags?post=894"}],"curies":[{"name":"wp","href":"https:\/\/api.w.org\/{rel}","templated":true}]}}