{"id":9061,"date":"2020-07-08T16:22:59","date_gmt":"2020-07-08T16:22:59","guid":{"rendered":"https:\/\/cdu-kempen.de\/?p=9061"},"modified":"2020-07-08T16:22:59","modified_gmt":"2020-07-08T16:22:59","slug":"cdu-kreistagsfraktion-unterstuetzt-kempener-heimatvereine","status":"publish","type":"post","link":"https:\/\/cdu-kempen.de\/index.php\/cdu-kreistagsfraktion-unterstuetzt-kempener-heimatvereine\/","title":{"rendered":"CDU Kreistagsfraktion unterst\u00fctzt Kempener Heimatvereine"},"content":{"rendered":"<p>Auf Initiative der Kempener Kreistagsabgeordneten konnten sich die drei Kempener Heimatvereine St. Hubert, Schmalbroich und T\u00f6nisberg \u00fcber eine Spende in H\u00f6he von 1.000,00 \u20ac der CDU Kreistagsfraktion Viersen freuen. Die \u00dcbergabe fand im Weberhaus des St. Huberter Heimatvereins statt. Hier begr\u00fc\u00dfte der St. Huberter Vorsitzende Jupp G\u00fcldenbog im Namen der beiden anderen Vorsitzenden Achim Evertz und Peter Raulf die Vertreter der Christdemokraten.<\/p>\n<p>\u201eDie Abgeordneten der CDU Kreistagsfraktion, darunter die Kempener Peter Fischer, Heike H\u00f6ltken und Karlheinz Omsels, \u00a0zahlen im Laufe ihrer Amtszeit freiwillig in einen Sozialfond ein, um sinnvolle und wichtige gesellschaftliche Aktionen zu unterst\u00fctzen. Wir sch\u00e4tzen die drei aktiven Heimatvereine sehr, die hier vor Ort eine tolle Arbeit leisten\u201c, so Fraktionschef Peter Fischer.<\/p>\n<p>Die Kempener Heimatvereine stehen in einem regen Austausch miteinander. Alle drei Vorsitzenden bedankten sich bei der CDU-Fraktion herzlich f\u00fcr die finanzielle Unterst\u00fctzung.<\/p>\n<p>Foto: privat<\/p>\n<p>v.li.n.re.: Peter Fischer, Achim Evertz, Peter Raulf, Jupp G\u00fcldenbog, Jochen Herbst<\/p>\n<p>&nbsp;<\/p>\n","protected":false},"excerpt":{"rendered":"<p>Auf Initiative der Kempener Kreistagsabgeordneten konnten sich die drei Kempener Heimatvereine St. Hubert, Schmalbroich und T\u00f6nisberg \u00fcber eine Spende in H\u00f6he von 1.000,00 \u20ac der CDU Kreistagsfraktion Viersen freuen. Die \u00dcbergabe fand im Weberhaus des St. Huberter Heimatvereins statt. Hier begr\u00fc\u00dfte der St. Huberter Vorsitzende Jupp G\u00fcldenbog im Namen der beiden anderen Vorsitzenden Achim Evertz [&hellip;]<\/p>\n","protected":false},"author":6,"featured_media":9062,"comment_status":"closed","ping_status":"open","sticky":false,"template":"","format":"standard","meta":{"_et_pb_use_builder":"","_et_pb_old_content":"","_et_gb_content_width":"","footnotes":""},"categories":[1],"tags":[],"class_list":["post-9061","post","type-post","status-publish","format-standard","has-post-thumbnail","hentry","category-uncategorized"],"_links":{"self":[{"href":"https:\/\/cdu-kempen.de\/index.php\/wp-json\/wp\/v2\/posts\/9061"}],"collection":[{"href":"https:\/\/cdu-kempen.de\/index.php\/wp-json\/wp\/v2\/posts"}],"about":[{"href":"https:\/\/cdu-kempen.de\/index.php\/wp-json\/wp\/v2\/types\/post"}],"author":[{"embeddable":true,"href":"https:\/\/cdu-kempen.de\/index.php\/wp-json\/wp\/v2\/users\/6"}],"replies":[{"embeddable":true,"href":"https:\/\/cdu-kempen.de\/index.php\/wp-json\/wp\/v2\/comments?post=9061"}],"version-history":[{"count":2,"href":"https:\/\/cdu-kempen.de\/index.php\/wp-json\/wp\/v2\/posts\/9061\/revisions"}],"predecessor-version":[{"id":9141,"href":"https:\/\/cdu-kempen.de\/index.php\/wp-json\/wp\/v2\/posts\/9061\/revisions\/9141"}],"wp:featuredmedia":[{"embeddable":true,"href":"https:\/\/cdu-kempen.de\/index.php\/wp-json\/wp\/v2\/media\/9062"}],"wp:attachment":[{"href":"https:\/\/cdu-kempen.de\/index.php\/wp-json\/wp\/v2\/media?parent=9061"}],"wp:term":[{"taxonomy":"category","embeddable":true,"href":"https:\/\/cdu-kempen.de\/index.php\/wp-json\/wp\/v2\/categories?post=9061"},{"taxonomy":"post_tag","embeddable":true,"href":"https:\/\/cdu-kempen.de\/index.php\/wp-json\/wp\/v2\/tags?post=9061"}],"curies":[{"name":"wp","href":"https:\/\/api.w.org\/{rel}","templated":true}]}}