{"id":9130,"date":"2020-07-15T20:25:59","date_gmt":"2020-07-15T20:25:59","guid":{"rendered":"https:\/\/cdu-kempen.de\/?p=9130"},"modified":"2020-07-15T20:57:26","modified_gmt":"2020-07-15T20:57:26","slug":"stellungnahme","status":"publish","type":"post","link":"https:\/\/cdu-kempen.de\/index.php\/stellungnahme\/","title":{"rendered":"Stellungnahme"},"content":{"rendered":"<p>Die CDU Kempen nimmt zu den Vorkommnissen rund um die Abmahnung des Stadtsprechers und rot-rot-gr\u00fcnen B\u00fcrgermeisterkandidaten wie folgt Stellung:<\/p>\n<p>1.\u00a0\u00a0\u00a0 Wir als CDU lehnen es ab, mit Mutma\u00dfungen, Spekulationen oder uns gegen\u00fcber nicht belegten Behauptungen<br \/>\nWahlkampf zu machen. Das ist nicht unser Stil und Verst\u00e4ndnis von politischer Auseinandersetzung. Wir setzen<br \/>\nauf unser \u00fcberzeugendes inhaltliches und personelles Angebot an die W\u00e4hlerinnen und W\u00e4hler.<\/p>\n<p>2.\u00a0\u00a0\u00a0 Es ist v\u00f6llig unstrittig, dass personenbezogenen Dokumente wie eine Abmahnung nicht aus dem Rathaus nach<br \/>\nau\u00dfen h\u00e4tte dringen d\u00fcrfen!<\/p>\n<p>3.\u00a0\u00a0\u00a0 Uns ist nicht bekannt, dass Mitgliedern unserer Parteigremien bzw. Fraktion eine Kopie dieser Abmahnung<br \/>\nzugegangen ist.<\/p>\n<p>4.\u00a0\u00a0\u00a0 Die Ver\u00f6ffentlichung dieses Sachverhaltes war eine journalistische Entscheidung der Lokalredaktionen von WZ<br \/>\nund RP. Die CDU wurde von den Redaktionen davon weder vorab in Kenntnis gesetzt noch in irgendeiner Weise<br \/>\neinbezogen.<\/p>\n<p>5.\u00a0\u00a0\u00a0 Das wiederholte Fehlverhalten und die abgegebene Stellungnahme von Herrn Dellmans\u00a0m\u00fcssen und werden die<br \/>\nB\u00fcrgerinnen und B\u00fcrger pers\u00f6nlich bewerten.<\/p>\n<p>6.\u00a0\u00a0\u00a0 Politisch stellen sich allerdings noch folgende Frage und Feststellung:<\/p>\n<p style=\"padding-left: 30px;\">a.\u00a0\u00a0\u00a0 Wie war es \u00fcberhaupt m\u00f6glich, dass der Stadtsprecher f\u00fcr private Zwecke st\u00e4dtische (Steuer-) Gelder<br \/>\nverausgaben konnte? Dieser Frage wird die CDU-Fraktion noch weiter nachgehen.<\/p>\n<p style=\"padding-left: 30px;\">b.\u00a0\u00a0\u00a0 SPD, Gr\u00fcne und Die Linke waren nach eigener Aussage vor der Nominierung vollumf\u00e4nglich informiert. F\u00fcr<br \/>\nRot-Rot-Gr\u00fcn ist der wiederholte, mindestens als unsachgem\u00e4\u00df zu bezeichnende Umgang mit Stadtgeldern<br \/>\nalso ausdr\u00fccklich kein Kriterium, welches einer Nominierung zum B\u00fcrgermeisterkandidaten entgegensteht.<\/p>\n<p>Susanne Kranzusch und Gerd-Wilhelm St\u00fcckemann<br \/>\nStellvertretende Vorsitzende<br \/>\nCDU-Stadtverband Kempen<\/p>\n<p>Jochen Herbst<br \/>\nVorsitzender<br \/>\nCDU-Fraktion Kempen<\/p>\n","protected":false},"excerpt":{"rendered":"<p>Die CDU Kempen nimmt zu den Vorkommnissen rund um die Abmahnung des Stadtsprechers und rot-rot-gr\u00fcnen B\u00fcrgermeisterkandidaten wie folgt Stellung: 1.\u00a0\u00a0\u00a0 Wir als CDU lehnen es ab, mit Mutma\u00dfungen, Spekulationen oder uns gegen\u00fcber nicht belegten Behauptungen Wahlkampf zu machen. Das ist nicht unser Stil und Verst\u00e4ndnis von politischer Auseinandersetzung. Wir setzen auf unser \u00fcberzeugendes inhaltliches und [&hellip;]<\/p>\n","protected":false},"author":5,"featured_media":7956,"comment_status":"closed","ping_status":"open","sticky":false,"template":"","format":"standard","meta":{"_et_pb_use_builder":"","_et_pb_old_content":"","_et_gb_content_width":"","footnotes":""},"categories":[1],"tags":[],"class_list":["post-9130","post","type-post","status-publish","format-standard","has-post-thumbnail","hentry","category-uncategorized"],"_links":{"self":[{"href":"https:\/\/cdu-kempen.de\/index.php\/wp-json\/wp\/v2\/posts\/9130"}],"collection":[{"href":"https:\/\/cdu-kempen.de\/index.php\/wp-json\/wp\/v2\/posts"}],"about":[{"href":"https:\/\/cdu-kempen.de\/index.php\/wp-json\/wp\/v2\/types\/post"}],"author":[{"embeddable":true,"href":"https:\/\/cdu-kempen.de\/index.php\/wp-json\/wp\/v2\/users\/5"}],"replies":[{"embeddable":true,"href":"https:\/\/cdu-kempen.de\/index.php\/wp-json\/wp\/v2\/comments?post=9130"}],"version-history":[{"count":12,"href":"https:\/\/cdu-kempen.de\/index.php\/wp-json\/wp\/v2\/posts\/9130\/revisions"}],"predecessor-version":[{"id":9142,"href":"https:\/\/cdu-kempen.de\/index.php\/wp-json\/wp\/v2\/posts\/9130\/revisions\/9142"}],"wp:featuredmedia":[{"embeddable":true,"href":"https:\/\/cdu-kempen.de\/index.php\/wp-json\/wp\/v2\/media\/7956"}],"wp:attachment":[{"href":"https:\/\/cdu-kempen.de\/index.php\/wp-json\/wp\/v2\/media?parent=9130"}],"wp:term":[{"taxonomy":"category","embeddable":true,"href":"https:\/\/cdu-kempen.de\/index.php\/wp-json\/wp\/v2\/categories?post=9130"},{"taxonomy":"post_tag","embeddable":true,"href":"https:\/\/cdu-kempen.de\/index.php\/wp-json\/wp\/v2\/tags?post=9130"}],"curies":[{"name":"wp","href":"https:\/\/api.w.org\/{rel}","templated":true}]}}