{"id":9257,"date":"2020-08-03T19:44:14","date_gmt":"2020-08-03T19:44:14","guid":{"rendered":"https:\/\/cdu-kempen.de\/?p=9257"},"modified":"2020-08-03T19:44:14","modified_gmt":"2020-08-03T19:44:14","slug":"stellungnahme-vom-cdu-stadtverbandsvorsitzenden-philipp-kraft-zum-artikel-ein-kandidat-soll-demontiert-werden","status":"publish","type":"post","link":"https:\/\/cdu-kempen.de\/index.php\/stellungnahme-vom-cdu-stadtverbandsvorsitzenden-philipp-kraft-zum-artikel-ein-kandidat-soll-demontiert-werden\/","title":{"rendered":"Stellungnahme vom CDU-Stadtverbandsvorsitzenden Philipp Kraft zum Artikel \u201cEin Kandidat soll demontiert werden\u201c"},"content":{"rendered":"<p>Zur Berichterstattung der Rheinischen Post \u201cEin Kandidat soll demontiert werden\u201c vom 31. Juli 2020 nimmt CDU-Stadtverbandsvorsitzender Philipp Kraft wie folgt Stellung:<br \/>\n1) Gemeinsam mit den Menschen haben wir Christdemokraten in und f\u00fcr Kempen in den vergangenen Jahrzehnten viel erreicht und f\u00fcr die Zukunft viel vor. Das gerade auch unter ma\u00dfgeblicher B\u00fcrgerbeteiligung (Aktion: \u201cKempen wie geht\u00b4s Dir?\u201c) entstandene Arbeitsprogramm \u201cKempen 2020 +\u201c zeigt auf, wie wir unsere Heimatstadt in den n\u00e4chsten Jahren zusammen erfolgreich aufstellen wollen.<br \/>\n2) Im laufenden Kommunalwahlkampf ist es das Ziel der CDU, in einem fairen und demokratischen Wettstreit f\u00fcr die Zustimmung zu den entwickelten Ideen und unsere Kandidatinnen und Kandidaten zu werben. Dabei stehen f\u00fcr uns die Interessen der in Kempen lebenden Menschen im Mittelpunkt.<br \/>\n3) Dass derzeit vorranging ein anderes Thema die Schlagzeilen beherrscht, hat mit der CDU Kempen inhaltlich am wenigsten zu tun. Daran \u00e4ndert auch der besch\u00e4mende Versuch nichts, dass vorrangig, aber eben nicht nur, in den sozialen Netzwerken mit unbelegten Unterstellungen, Behauptungen und unhaltbaren Mutma\u00dfungen gearbeitet wird, um gezielt Stimmung zu machen. Dabei geht es ausschlie\u00dflich darum, \u201cdie\u201c CDU und damit \u00fcber 400 Mitglieder und viele ehrenamtlich aktive Mitb\u00fcrgerinnen und Mitb\u00fcrger unserer Stadt kollektiv in Misskredit zu bringen. Wir haben demgegen\u00fcber eine rein sachliche, ausschlie\u00dflich auf best\u00e4tigten Tatsachen beruhende Stellungnahme vom CDU-Stadtverband und der Fraktion bereits am 15. Juli 2020 unter www.cdu-kempen.de ver\u00f6ffentlicht. Diese spiegelt die Haltung \u201cder\u201c CDU Kempen in diesem Sachzusammenhang wider und bedarf keiner inhaltlichen Erg\u00e4nzung.<br \/>\n4) Subjektive Kritik an der Berichterstattung der RP ist Jedermann erlaubt \u2013 insbesondere als Kunde, der f\u00fcr das Produkt zahlt. Den erhobenen Vorwurf der unzul\u00e4ssigen Einflussnahme auf die redaktionelle Arbeit der RP-Lokalredaktion oder gar die versuchte N\u00f6tigung von Redakteuren weise ich f\u00fcr die CDU Kempen entschieden zur\u00fcck. Es gab mir keinerlei bekannte Versuche oder Gespr\u00e4che in dieser Hinsicht von legitimierten Mandatstr\u00e4gern oder Beauftragten der CDU. Ich betrachte die Presse- und Meinungsfreiheit als elementaren Bestandteil unseres Grundgesetzes und damit unserer freiheitlich demokratischen Grundordnung, f\u00fcr die die CDU als eine der staatstragenden Parteien seit Gr\u00fcndung der Bundesrepublik Deutschland immer eingetreten ist. Sollte es also von nichtautorisierten Mitgliedern solche Versuche gegeben haben, werde ich das nicht dulden. Um hier gegebenenfalls parteiintern aktiv werden zu k\u00f6nnen, frage ich hiermit die RP an, mir die Namen der Personen (deren Mitgliedschaft in der CDU die Redaktion vor Ver\u00f6ffentlichung des Artikels sicherlich gepr\u00fcft hat), den jeweiligen Zeitpunkt der Kontaktaufnahme und entsprechende Nachweise zum dargestellten Inhalt zu \u00fcbermitteln<\/p>\n","protected":false},"excerpt":{"rendered":"<p>Zur Berichterstattung der Rheinischen Post \u201cEin Kandidat soll demontiert werden\u201c vom 31. Juli 2020 nimmt CDU-Stadtverbandsvorsitzender Philipp Kraft wie folgt Stellung: 1) Gemeinsam mit den Menschen haben wir Christdemokraten in und f\u00fcr Kempen in den vergangenen Jahrzehnten viel erreicht und f\u00fcr die Zukunft viel vor. Das gerade auch unter ma\u00dfgeblicher B\u00fcrgerbeteiligung (Aktion: \u201cKempen wie geht\u00b4s [&hellip;]<\/p>\n","protected":false},"author":6,"featured_media":7956,"comment_status":"closed","ping_status":"open","sticky":false,"template":"","format":"standard","meta":{"_et_pb_use_builder":"","_et_pb_old_content":"","_et_gb_content_width":"","footnotes":""},"categories":[1],"tags":[],"class_list":["post-9257","post","type-post","status-publish","format-standard","has-post-thumbnail","hentry","category-uncategorized"],"_links":{"self":[{"href":"https:\/\/cdu-kempen.de\/index.php\/wp-json\/wp\/v2\/posts\/9257"}],"collection":[{"href":"https:\/\/cdu-kempen.de\/index.php\/wp-json\/wp\/v2\/posts"}],"about":[{"href":"https:\/\/cdu-kempen.de\/index.php\/wp-json\/wp\/v2\/types\/post"}],"author":[{"embeddable":true,"href":"https:\/\/cdu-kempen.de\/index.php\/wp-json\/wp\/v2\/users\/6"}],"replies":[{"embeddable":true,"href":"https:\/\/cdu-kempen.de\/index.php\/wp-json\/wp\/v2\/comments?post=9257"}],"version-history":[{"count":1,"href":"https:\/\/cdu-kempen.de\/index.php\/wp-json\/wp\/v2\/posts\/9257\/revisions"}],"predecessor-version":[{"id":9258,"href":"https:\/\/cdu-kempen.de\/index.php\/wp-json\/wp\/v2\/posts\/9257\/revisions\/9258"}],"wp:featuredmedia":[{"embeddable":true,"href":"https:\/\/cdu-kempen.de\/index.php\/wp-json\/wp\/v2\/media\/7956"}],"wp:attachment":[{"href":"https:\/\/cdu-kempen.de\/index.php\/wp-json\/wp\/v2\/media?parent=9257"}],"wp:term":[{"taxonomy":"category","embeddable":true,"href":"https:\/\/cdu-kempen.de\/index.php\/wp-json\/wp\/v2\/categories?post=9257"},{"taxonomy":"post_tag","embeddable":true,"href":"https:\/\/cdu-kempen.de\/index.php\/wp-json\/wp\/v2\/tags?post=9257"}],"curies":[{"name":"wp","href":"https:\/\/api.w.org\/{rel}","templated":true}]}}