{"id":9277,"date":"2020-08-10T15:14:52","date_gmt":"2020-08-10T15:14:52","guid":{"rendered":"https:\/\/cdu-kempen.de\/?p=9277"},"modified":"2020-09-29T13:19:53","modified_gmt":"2020-09-29T13:19:53","slug":"philipp-kraft-als-buergermeister-fuer-kempen-vor","status":"publish","type":"post","link":"https:\/\/cdu-kempen.de\/index.php\/philipp-kraft-als-buergermeister-fuer-kempen-vor\/","title":{"rendered":"Philipp Kraft stellt sich als B\u00fcrgermeister f\u00fcr Kempen vor"},"content":{"rendered":"<p>Unter folgendem Video stellt sich Philipp Kraft als B\u00fcrgermeister f\u00fcr Kempen vor:<\/p>\n<p><iframe loading=\"lazy\" title=\"Phillipp Kraft stellt sich als B\u00fcrgermeister f\u00fcr Kempen vor.\" width=\"1080\" height=\"608\" src=\"https:\/\/www.youtube.com\/embed\/E4HvPejGzac?feature=oembed\"  allow=\"accelerometer; autoplay; clipboard-write; encrypted-media; gyroscope; picture-in-picture\" allowfullscreen><\/iframe><\/p>\n","protected":false},"excerpt":{"rendered":"<p>Unter folgendem Video stellt sich Philipp Kraft als B\u00fcrgermeister f\u00fcr Kempen vor:<\/p>\n","protected":false},"author":5,"featured_media":9270,"comment_status":"closed","ping_status":"open","sticky":false,"template":"","format":"standard","meta":{"_et_pb_use_builder":"","_et_pb_old_content":"","_et_gb_content_width":"","footnotes":""},"categories":[1],"tags":[],"class_list":["post-9277","post","type-post","status-publish","format-standard","has-post-thumbnail","hentry","category-uncategorized"],"_links":{"self":[{"href":"https:\/\/cdu-kempen.de\/index.php\/wp-json\/wp\/v2\/posts\/9277"}],"collection":[{"href":"https:\/\/cdu-kempen.de\/index.php\/wp-json\/wp\/v2\/posts"}],"about":[{"href":"https:\/\/cdu-kempen.de\/index.php\/wp-json\/wp\/v2\/types\/post"}],"author":[{"embeddable":true,"href":"https:\/\/cdu-kempen.de\/index.php\/wp-json\/wp\/v2\/users\/5"}],"replies":[{"embeddable":true,"href":"https:\/\/cdu-kempen.de\/index.php\/wp-json\/wp\/v2\/comments?post=9277"}],"version-history":[{"count":3,"href":"https:\/\/cdu-kempen.de\/index.php\/wp-json\/wp\/v2\/posts\/9277\/revisions"}],"predecessor-version":[{"id":9341,"href":"https:\/\/cdu-kempen.de\/index.php\/wp-json\/wp\/v2\/posts\/9277\/revisions\/9341"}],"wp:featuredmedia":[{"embeddable":true,"href":"https:\/\/cdu-kempen.de\/index.php\/wp-json\/wp\/v2\/media\/9270"}],"wp:attachment":[{"href":"https:\/\/cdu-kempen.de\/index.php\/wp-json\/wp\/v2\/media?parent=9277"}],"wp:term":[{"taxonomy":"category","embeddable":true,"href":"https:\/\/cdu-kempen.de\/index.php\/wp-json\/wp\/v2\/categories?post=9277"},{"taxonomy":"post_tag","embeddable":true,"href":"https:\/\/cdu-kempen.de\/index.php\/wp-json\/wp\/v2\/tags?post=9277"}],"curies":[{"name":"wp","href":"https:\/\/api.w.org\/{rel}","templated":true}]}}