{"id":9347,"date":"2020-08-30T16:05:18","date_gmt":"2020-08-30T16:05:18","guid":{"rendered":"https:\/\/cdu-kempen.de\/?p=9347"},"modified":"2020-08-30T16:05:18","modified_gmt":"2020-08-30T16:05:18","slug":"cdu-ortsausschuss-kempen-sued-waehlt-einen-neuen-vorstand","status":"publish","type":"post","link":"https:\/\/cdu-kempen.de\/index.php\/cdu-ortsausschuss-kempen-sued-waehlt-einen-neuen-vorstand\/","title":{"rendered":"CDU Ortsausschuss Kempen-S\u00fcd w\u00e4hlt einen neuen Vorstand"},"content":{"rendered":"<p>Auf der Mitgliederversammlung des Ortsausschusses Kempen-S\u00fcd der CDU Kempen wurde am Donnerstagabend, 27.08.2020 ein neuer Vorstand gew\u00e4hlt. Leider konnte aufgrund der Corona-Pandemie die Neuwahl nicht bereits im Fr\u00fchjahr erfolgen. Der beliebte Kindertr\u00f6delmarkt konnte aufgrund der rechtlichen Vorgaben nicht durchgef\u00fchrt werden.<\/p>\n<p>Der bisherige Vorsitzende Dominique-Andr\u00e9 Busch trat aufgrund seiner beruflichen geforderten Situation im Gesundheitsministerium des Landes NRW nicht erneut als Vorsitzender an. Er bleibt aber als Beisitzer dem neuen Vorstand erhalten. Thomas Rox wurde einstimmig zum neuen Vorsitzenden gew\u00e4hlt, so wie auch alle anderen Mitglieder des Vorstandes. Der stellvertretende Vorsitzende Marc Michael und die Schriftf\u00fchrerin Sigrid Schrage sind zugleich auch Ratskandidaten bei der Kommunalwahl.<\/p>\n<p>Die Beisitzer Dr. Jochen Houben, Klaus Theissen, Dr. Antonio Liepold, Heinz-Peter Smits, Dominique-Andr\u00e9 Busch waren bereits im alten Vorstand aktiv. Neu in den Vorstand wurden als Besitzer Sigrid Houben und Josef Dohmen gew\u00e4hlt. Horst G\u00f6rtz und Michael Ulbricht kandidierten nicht erneut f\u00fcr den Vorstand. Thomas Rox: \u201eIch bedanke mit bei den ausscheidenden Mitgliedern f\u00fcr die langj\u00e4hrige gute Mitarbeit und freue mich auf eine gute und konstruktive Zusammenarbeit mit dem neu gew\u00e4hlten Vorstand. Als Team gilt es nun zuerst bei der Kommunalwahl wieder alle Wahlkreise im Kempener S\u00fcden direkt f\u00fcr die CDU zu holen. F\u00fcr die Zukunft sind unter anderem thematische Stammtische angedacht, zu denen alle Interessierten immer herzlich eingeladen sind.\u201c<\/p>\n<p><strong>Beigef\u00fcgtes Bild<\/strong> zeigt den neuen Vorstand von links nach rechts:<\/p>\n<p>Josef Dohmen, Dominique-Andr\u00e9 Busch, Thomas Rox, Klaus Theissen, Heinz-Peter Smits, Marc Michael, Dr. Jochen Houben, Sigrid Houben<\/p>\n<p>&nbsp;<\/p>\n<p><strong>Der neue Vorstand im \u00dcberblick:<\/strong><\/p>\n<p>Vorsitzender: Thomas Rox<\/p>\n<p>Stellv. Vorsitzender: Marc Michael<\/p>\n<p>Schriftf\u00fchrerin: Sigrid Schrage<\/p>\n<p>Beisitzer:<\/p>\n<p>Dr. Jochen Houben<\/p>\n<p>Klaus Theissen<\/p>\n<p>Dr. Antonio Liepold<\/p>\n<p>Heinz-Peter Smits<\/p>\n<p>Dominique-Andr\u00e9 Busch<\/p>\n<p>Sigrid Houben<\/p>\n<p>Josef Dohmen<\/p>\n","protected":false},"excerpt":{"rendered":"<p>Auf der Mitgliederversammlung des Ortsausschusses Kempen-S\u00fcd der CDU Kempen wurde am Donnerstagabend, 27.08.2020 ein neuer Vorstand gew\u00e4hlt. Leider konnte aufgrund der Corona-Pandemie die Neuwahl nicht bereits im Fr\u00fchjahr erfolgen. Der beliebte Kindertr\u00f6delmarkt konnte aufgrund der rechtlichen Vorgaben nicht durchgef\u00fchrt werden. Der bisherige Vorsitzende Dominique-Andr\u00e9 Busch trat aufgrund seiner beruflichen geforderten Situation im Gesundheitsministerium des Landes [&hellip;]<\/p>\n","protected":false},"author":6,"featured_media":9348,"comment_status":"closed","ping_status":"open","sticky":false,"template":"","format":"standard","meta":{"_et_pb_use_builder":"","_et_pb_old_content":"","_et_gb_content_width":"","footnotes":""},"categories":[1],"tags":[],"class_list":["post-9347","post","type-post","status-publish","format-standard","has-post-thumbnail","hentry","category-uncategorized"],"_links":{"self":[{"href":"https:\/\/cdu-kempen.de\/index.php\/wp-json\/wp\/v2\/posts\/9347"}],"collection":[{"href":"https:\/\/cdu-kempen.de\/index.php\/wp-json\/wp\/v2\/posts"}],"about":[{"href":"https:\/\/cdu-kempen.de\/index.php\/wp-json\/wp\/v2\/types\/post"}],"author":[{"embeddable":true,"href":"https:\/\/cdu-kempen.de\/index.php\/wp-json\/wp\/v2\/users\/6"}],"replies":[{"embeddable":true,"href":"https:\/\/cdu-kempen.de\/index.php\/wp-json\/wp\/v2\/comments?post=9347"}],"version-history":[{"count":1,"href":"https:\/\/cdu-kempen.de\/index.php\/wp-json\/wp\/v2\/posts\/9347\/revisions"}],"predecessor-version":[{"id":9349,"href":"https:\/\/cdu-kempen.de\/index.php\/wp-json\/wp\/v2\/posts\/9347\/revisions\/9349"}],"wp:featuredmedia":[{"embeddable":true,"href":"https:\/\/cdu-kempen.de\/index.php\/wp-json\/wp\/v2\/media\/9348"}],"wp:attachment":[{"href":"https:\/\/cdu-kempen.de\/index.php\/wp-json\/wp\/v2\/media?parent=9347"}],"wp:term":[{"taxonomy":"category","embeddable":true,"href":"https:\/\/cdu-kempen.de\/index.php\/wp-json\/wp\/v2\/categories?post=9347"},{"taxonomy":"post_tag","embeddable":true,"href":"https:\/\/cdu-kempen.de\/index.php\/wp-json\/wp\/v2\/tags?post=9347"}],"curies":[{"name":"wp","href":"https:\/\/api.w.org\/{rel}","templated":true}]}}