{"id":9350,"date":"2020-08-30T17:09:06","date_gmt":"2020-08-30T17:09:06","guid":{"rendered":"https:\/\/cdu-kempen.de\/?p=9350"},"modified":"2020-09-01T19:59:34","modified_gmt":"2020-09-01T19:59:34","slug":"cdu-kempen-unsere-schulen-sollen-digital-werden","status":"publish","type":"post","link":"https:\/\/cdu-kempen.de\/index.php\/cdu-kempen-unsere-schulen-sollen-digital-werden\/","title":{"rendered":"CDU Kempen: Unsere Schulen sollen digital werden"},"content":{"rendered":"<p>Konstruktiv, zielorientiert und nachhaltig &#8211; so wird die CDU das Thema Digitalisierung an unseren Schulen weiterbringen. Die CDU unterst\u00fctzt ma\u00dfgeblich die gute Zusammenarbeit der externen Profis mit unseren Schulen im Bereich Digitalisierung und macht Druck, dass die im Dialog entstandenen Ergebnisse nun auch zeitnah von der Verwaltung umgesetzt werden. Die Mittel der aktuell aufgelegten Sonderprogramme sind kurzfristig zu planen und auszugeben. Ebenso erwarten wir von der Stadtverwaltung f\u00fcr das erste Halbjahr 2021 den ersten Abruf von Mitteln aus dem Digitalpakt Schule.<\/p>\n<p>Die F\u00f6rdergelder von Bund und Land sind allerdings nur der Start f\u00fcr eine innovative und digitale Weiterentwicklung unserer Schulen. Mit einem sinnvollen, ortsspezifischen Medienkonzept wird die Grundlage f\u00fcr die Entwicklung der n\u00e4chsten Jahre gesetzt. Durch den Schultr\u00e4ger, die Stadtverwaltung, muss neben der Bereitstellung der Hardware auch die Systemadministration (First oder Second Level Support) sichergestellt werden.<\/p>\n<p>Von Seiten der Landesregierung fordern wir eine intensivere Unterst\u00fctzung bei der Aus- bzw. Weiterbildung der Lehrkr\u00e4fte. Dar\u00fcber hinaus ist f\u00fcr die Systemadministration der neuen Endger\u00e4te weiteres Personal zu finanzieren, dass von den F\u00f6rderrichtlinien aufgegriffen werden sollte.<\/p>\n<p>Wir sagen JA zur nachhaltigen Digitalisierung unserer Schulen, f\u00f6rdern und fordern notwendiges und zukunftsorientiertes Planen.<\/p>\n<p><a href=\"https:\/\/cdu-kempen.de\/wp-content\/uploads\/2020\/08\/CDU-Fraktion_Unsere-Schulen-sollen-digital-werden_2020-08-30.pdf\">CDU-Fraktion_Unsere Schulen sollen digital werden_2020-08-30<\/a><\/p>\n","protected":false},"excerpt":{"rendered":"<p>Konstruktiv, zielorientiert und nachhaltig &#8211; so wird die CDU das Thema Digitalisierung an unseren Schulen weiterbringen. Die CDU unterst\u00fctzt ma\u00dfgeblich die gute Zusammenarbeit der externen Profis mit unseren Schulen im Bereich Digitalisierung und macht Druck, dass die im Dialog entstandenen Ergebnisse nun auch zeitnah von der Verwaltung umgesetzt werden. Die Mittel der aktuell aufgelegten Sonderprogramme [&hellip;]<\/p>\n","protected":false},"author":6,"featured_media":9363,"comment_status":"closed","ping_status":"open","sticky":false,"template":"","format":"standard","meta":{"_et_pb_use_builder":"","_et_pb_old_content":"","_et_gb_content_width":"","footnotes":""},"categories":[1],"tags":[],"class_list":["post-9350","post","type-post","status-publish","format-standard","has-post-thumbnail","hentry","category-uncategorized"],"_links":{"self":[{"href":"https:\/\/cdu-kempen.de\/index.php\/wp-json\/wp\/v2\/posts\/9350"}],"collection":[{"href":"https:\/\/cdu-kempen.de\/index.php\/wp-json\/wp\/v2\/posts"}],"about":[{"href":"https:\/\/cdu-kempen.de\/index.php\/wp-json\/wp\/v2\/types\/post"}],"author":[{"embeddable":true,"href":"https:\/\/cdu-kempen.de\/index.php\/wp-json\/wp\/v2\/users\/6"}],"replies":[{"embeddable":true,"href":"https:\/\/cdu-kempen.de\/index.php\/wp-json\/wp\/v2\/comments?post=9350"}],"version-history":[{"count":1,"href":"https:\/\/cdu-kempen.de\/index.php\/wp-json\/wp\/v2\/posts\/9350\/revisions"}],"predecessor-version":[{"id":9356,"href":"https:\/\/cdu-kempen.de\/index.php\/wp-json\/wp\/v2\/posts\/9350\/revisions\/9356"}],"wp:featuredmedia":[{"embeddable":true,"href":"https:\/\/cdu-kempen.de\/index.php\/wp-json\/wp\/v2\/media\/9363"}],"wp:attachment":[{"href":"https:\/\/cdu-kempen.de\/index.php\/wp-json\/wp\/v2\/media?parent=9350"}],"wp:term":[{"taxonomy":"category","embeddable":true,"href":"https:\/\/cdu-kempen.de\/index.php\/wp-json\/wp\/v2\/categories?post=9350"},{"taxonomy":"post_tag","embeddable":true,"href":"https:\/\/cdu-kempen.de\/index.php\/wp-json\/wp\/v2\/tags?post=9350"}],"curies":[{"name":"wp","href":"https:\/\/api.w.org\/{rel}","templated":true}]}}