{"id":9386,"date":"2020-09-08T17:38:13","date_gmt":"2020-09-08T17:38:13","guid":{"rendered":"https:\/\/cdu-kempen.de\/?p=9386"},"modified":"2020-09-08T17:38:13","modified_gmt":"2020-09-08T17:38:13","slug":"cdu-unterstuetzt-den-wirtschaftsstandort-kempen-die-schaffung-von-arbeitsplaetzen-und-von-neuem-wohnraum","status":"publish","type":"post","link":"https:\/\/cdu-kempen.de\/index.php\/cdu-unterstuetzt-den-wirtschaftsstandort-kempen-die-schaffung-von-arbeitsplaetzen-und-von-neuem-wohnraum\/","title":{"rendered":"CDU unterst\u00fctzt den Wirtschaftsstandort Kempen, die Schaffung von Arbeitspl\u00e4tzen und von neuem Wohnraum"},"content":{"rendered":"<p>Die CDU unterst\u00fctzt den Wirtschaftsstandort Kempen, die Schaffung von Arbeitspl\u00e4tzen und neuem Wohnraum. Die Erschlie\u00dfung des Gewerbegebietes H\u00fclser Stra\u00dfe mittels eines Kreisverkehres muss in der kommenden Ausschusssitzung Umwelt, Planung und Kli-maschutz entschieden werden, damit nun endlich die Umsiedlung der Firma Mobau, erfolgen kann. Die Firma Mobau steht in den Startl\u00f6chern und ist im Bereich des Baustoffhandels ein modernes und technisch gut aufgestelltes Unternehmen. Weitere Firmenansied-lungen bedeuten auch Gewerbesteuereinnahmen, die f\u00fcr den Haushalt eine der Haupteinnahmequellen darstellen. Gleichzeitig werden Arbeitspl\u00e4tze im neuen Gewerbegebiet geschaffen. An dem jetzigen Standort von Mobau (Pegels) wird nach der Umsiedlung dringend ben\u00f6tigte Wohnbebauung mit bezahlbarem Wohnraum realisiert werden.<\/p>\n<p>Jochen Herbst: \u201eWir handeln verantwortungsbewusst und nach unserer Leitlinie der Nachhaltigkeit, indem wir \u00f6konomische, soziale und \u00f6kologische Aspekte sorgf\u00e4ltig abgewogen haben und so eine Weiterentwicklung unserer Stadt m\u00f6glich machen.\u201c Auch der Naturschutzbeirat hat hier gr\u00fcnes Licht f\u00fcr die erforderliche F\u00e4llung einiger Linden gegeben, weil festgeschrieben wird, dass zum Ausgleich weitaus mehr B\u00e4ume neu gepflanzt werden.<\/p>\n<p>Die CDU sagt JA zum Wirtschaftsstandort Kempen und zu Arbeitspl\u00e4tzen.<br \/>\nDie CDU sagt JA zu neuem und bezahlbarem Wohnraum.<br \/>\nDie CDU sagt JA zu Umwelt, Klimaschutz und Nachhaltigkeit.<\/p>\n","protected":false},"excerpt":{"rendered":"<p>Die CDU unterst\u00fctzt den Wirtschaftsstandort Kempen, die Schaffung von Arbeitspl\u00e4tzen und neuem Wohnraum. Die Erschlie\u00dfung des Gewerbegebietes H\u00fclser Stra\u00dfe mittels eines Kreisverkehres muss in der kommenden Ausschusssitzung Umwelt, Planung und Kli-maschutz entschieden werden, damit nun endlich die Umsiedlung der Firma Mobau, erfolgen kann. Die Firma Mobau steht in den Startl\u00f6chern und ist im Bereich des [&hellip;]<\/p>\n","protected":false},"author":6,"featured_media":9387,"comment_status":"closed","ping_status":"open","sticky":false,"template":"","format":"standard","meta":{"_et_pb_use_builder":"","_et_pb_old_content":"","_et_gb_content_width":"","footnotes":""},"categories":[1],"tags":[],"class_list":["post-9386","post","type-post","status-publish","format-standard","has-post-thumbnail","hentry","category-uncategorized"],"_links":{"self":[{"href":"https:\/\/cdu-kempen.de\/index.php\/wp-json\/wp\/v2\/posts\/9386"}],"collection":[{"href":"https:\/\/cdu-kempen.de\/index.php\/wp-json\/wp\/v2\/posts"}],"about":[{"href":"https:\/\/cdu-kempen.de\/index.php\/wp-json\/wp\/v2\/types\/post"}],"author":[{"embeddable":true,"href":"https:\/\/cdu-kempen.de\/index.php\/wp-json\/wp\/v2\/users\/6"}],"replies":[{"embeddable":true,"href":"https:\/\/cdu-kempen.de\/index.php\/wp-json\/wp\/v2\/comments?post=9386"}],"version-history":[{"count":1,"href":"https:\/\/cdu-kempen.de\/index.php\/wp-json\/wp\/v2\/posts\/9386\/revisions"}],"predecessor-version":[{"id":9388,"href":"https:\/\/cdu-kempen.de\/index.php\/wp-json\/wp\/v2\/posts\/9386\/revisions\/9388"}],"wp:featuredmedia":[{"embeddable":true,"href":"https:\/\/cdu-kempen.de\/index.php\/wp-json\/wp\/v2\/media\/9387"}],"wp:attachment":[{"href":"https:\/\/cdu-kempen.de\/index.php\/wp-json\/wp\/v2\/media?parent=9386"}],"wp:term":[{"taxonomy":"category","embeddable":true,"href":"https:\/\/cdu-kempen.de\/index.php\/wp-json\/wp\/v2\/categories?post=9386"},{"taxonomy":"post_tag","embeddable":true,"href":"https:\/\/cdu-kempen.de\/index.php\/wp-json\/wp\/v2\/tags?post=9386"}],"curies":[{"name":"wp","href":"https:\/\/api.w.org\/{rel}","templated":true}]}}