{"id":9421,"date":"2020-10-01T11:59:12","date_gmt":"2020-10-01T11:59:12","guid":{"rendered":"https:\/\/cdu-kempen.de\/?p=9421"},"modified":"2020-10-01T12:06:45","modified_gmt":"2020-10-01T12:06:45","slug":"cdu-fraktion-kempen-stellt-die-weichen-fuer-die-kommende-wahlperiode","status":"publish","type":"post","link":"https:\/\/cdu-kempen.de\/index.php\/cdu-fraktion-kempen-stellt-die-weichen-fuer-die-kommende-wahlperiode\/","title":{"rendered":"CDU-Fraktion Kempen stellt die Weichen f\u00fcr die kommende Wahlperiode"},"content":{"rendered":"<p>Auf der gestrigen Fraktionssitzung der CDU Kempen wurde mit Jochen Herbst der bisherige Fraktionsvorsitzende wiedergew\u00e4hlt und mit der Aufgabe betraut, in die Gespr\u00e4che mit den weiteren Fraktionen des neu gew\u00e4hlten Stadtrates einzusteigen. Um diesen handlungsf\u00e4hig zu machen, m\u00fcssen nun die Aussch\u00fcsse geplant werden. Komplettiert wird der neue Vorstand durch Gerd-Wilhelm St\u00fcckemann und Stefanie Beyss als jeweils stellvertretende Vorsitzende, Heike H\u00f6ltken als Gesch\u00e4ftsf\u00fchrerin sowie Gero Scheiermann als Beisitzer und Georg Funken als Pressesprecher. Der Vorsitzende der CDU-Kreistagsfraktion Peter Fischer, bisher erster stellvertretender Vorsitzender, trat nicht mehr an.<\/p>\n<p>\u201eIch freue mich auf die anspruchsvolle Aufgabe, die CDU-Fraktion durch die sicherlich schwierige Wahlperiode f\u00fchren zu d\u00fcrfen. Es liegen viele richtungsweisende Entscheidungen vor uns, die wir gemeinsam meistern werden.\u201c, so der neue Fraktionsvorsitzende Jochen Herbst.<\/p>\n","protected":false},"excerpt":{"rendered":"<p>Auf der gestrigen Fraktionssitzung der CDU Kempen wurde mit Jochen Herbst der bisherige Fraktionsvorsitzende wiedergew\u00e4hlt und mit der Aufgabe betraut, in die Gespr\u00e4che mit den weiteren Fraktionen des neu gew\u00e4hlten Stadtrates einzusteigen. Um diesen handlungsf\u00e4hig zu machen, m\u00fcssen nun die Aussch\u00fcsse geplant werden. Komplettiert wird der neue Vorstand durch Gerd-Wilhelm St\u00fcckemann und Stefanie Beyss als [&hellip;]<\/p>\n","protected":false},"author":6,"featured_media":9425,"comment_status":"closed","ping_status":"open","sticky":false,"template":"","format":"standard","meta":{"_et_pb_use_builder":"","_et_pb_old_content":"","_et_gb_content_width":"","footnotes":""},"categories":[1],"tags":[],"class_list":["post-9421","post","type-post","status-publish","format-standard","has-post-thumbnail","hentry","category-uncategorized"],"_links":{"self":[{"href":"https:\/\/cdu-kempen.de\/index.php\/wp-json\/wp\/v2\/posts\/9421"}],"collection":[{"href":"https:\/\/cdu-kempen.de\/index.php\/wp-json\/wp\/v2\/posts"}],"about":[{"href":"https:\/\/cdu-kempen.de\/index.php\/wp-json\/wp\/v2\/types\/post"}],"author":[{"embeddable":true,"href":"https:\/\/cdu-kempen.de\/index.php\/wp-json\/wp\/v2\/users\/6"}],"replies":[{"embeddable":true,"href":"https:\/\/cdu-kempen.de\/index.php\/wp-json\/wp\/v2\/comments?post=9421"}],"version-history":[{"count":1,"href":"https:\/\/cdu-kempen.de\/index.php\/wp-json\/wp\/v2\/posts\/9421\/revisions"}],"predecessor-version":[{"id":9423,"href":"https:\/\/cdu-kempen.de\/index.php\/wp-json\/wp\/v2\/posts\/9421\/revisions\/9423"}],"wp:featuredmedia":[{"embeddable":true,"href":"https:\/\/cdu-kempen.de\/index.php\/wp-json\/wp\/v2\/media\/9425"}],"wp:attachment":[{"href":"https:\/\/cdu-kempen.de\/index.php\/wp-json\/wp\/v2\/media?parent=9421"}],"wp:term":[{"taxonomy":"category","embeddable":true,"href":"https:\/\/cdu-kempen.de\/index.php\/wp-json\/wp\/v2\/categories?post=9421"},{"taxonomy":"post_tag","embeddable":true,"href":"https:\/\/cdu-kempen.de\/index.php\/wp-json\/wp\/v2\/tags?post=9421"}],"curies":[{"name":"wp","href":"https:\/\/api.w.org\/{rel}","templated":true}]}}