{"id":9506,"date":"2020-11-04T20:37:21","date_gmt":"2020-11-04T20:37:21","guid":{"rendered":"https:\/\/cdu-kempen.de\/?p=9506"},"modified":"2020-11-05T14:41:15","modified_gmt":"2020-11-05T14:41:15","slug":"stellvertretende-buergermeister-der-cdu-fraktion-kempen","status":"publish","type":"post","link":"https:\/\/cdu-kempen.de\/index.php\/stellvertretende-buergermeister-der-cdu-fraktion-kempen\/","title":{"rendered":"Stellvertretende B\u00fcrgermeister der CDU-Fraktion Kempen"},"content":{"rendered":"<p>Der St. Huberter Hans-Peter van der Bloemen wurde in der konstituierenden Ratssitzung am 03. November 2020 zum ersten stellvertretenden B\u00fcrgermeister gew\u00e4hlt. Van der Bloemen tritt die Nachfolge von Otto Birkmann an, der nach 36 Jahren nicht mehr f\u00fcr den Rat der Stadt Kempen kandidiert hat. Der Vorsitzende des B\u00fcrgervereins Kempen-Hagelkreuz e.V. Willi Stenhorst wurde zum dritten stellvertretenden B\u00fcrgermeister gew\u00e4hlt.<\/p>\n<p>Die CDU Kempen gratuliert Hans-Peter van der Bloemen und Willi Stenhorst von Herzen und w\u00fcnscht den stellvertretenden B\u00fcrgermeistern alles Gute und viel Erfolg in dem neuen Amt.<\/p>\n<p>&nbsp;<\/p>\n<p>&nbsp;<\/p>\n","protected":false},"excerpt":{"rendered":"<p>Der St. Huberter Hans-Peter van der Bloemen wurde in der konstituierenden Ratssitzung am 03. November 2020 zum ersten stellvertretenden B\u00fcrgermeister gew\u00e4hlt. Van der Bloemen tritt die Nachfolge von Otto Birkmann an, der nach 36 Jahren nicht mehr f\u00fcr den Rat der Stadt Kempen kandidiert hat. Der Vorsitzende des B\u00fcrgervereins Kempen-Hagelkreuz e.V. Willi Stenhorst wurde zum [&hellip;]<\/p>\n","protected":false},"author":6,"featured_media":9511,"comment_status":"closed","ping_status":"open","sticky":false,"template":"","format":"standard","meta":{"_et_pb_use_builder":"","_et_pb_old_content":"","_et_gb_content_width":"","footnotes":""},"categories":[1],"tags":[],"class_list":["post-9506","post","type-post","status-publish","format-standard","has-post-thumbnail","hentry","category-uncategorized"],"_links":{"self":[{"href":"https:\/\/cdu-kempen.de\/index.php\/wp-json\/wp\/v2\/posts\/9506"}],"collection":[{"href":"https:\/\/cdu-kempen.de\/index.php\/wp-json\/wp\/v2\/posts"}],"about":[{"href":"https:\/\/cdu-kempen.de\/index.php\/wp-json\/wp\/v2\/types\/post"}],"author":[{"embeddable":true,"href":"https:\/\/cdu-kempen.de\/index.php\/wp-json\/wp\/v2\/users\/6"}],"replies":[{"embeddable":true,"href":"https:\/\/cdu-kempen.de\/index.php\/wp-json\/wp\/v2\/comments?post=9506"}],"version-history":[{"count":2,"href":"https:\/\/cdu-kempen.de\/index.php\/wp-json\/wp\/v2\/posts\/9506\/revisions"}],"predecessor-version":[{"id":9541,"href":"https:\/\/cdu-kempen.de\/index.php\/wp-json\/wp\/v2\/posts\/9506\/revisions\/9541"}],"wp:featuredmedia":[{"embeddable":true,"href":"https:\/\/cdu-kempen.de\/index.php\/wp-json\/wp\/v2\/media\/9511"}],"wp:attachment":[{"href":"https:\/\/cdu-kempen.de\/index.php\/wp-json\/wp\/v2\/media?parent=9506"}],"wp:term":[{"taxonomy":"category","embeddable":true,"href":"https:\/\/cdu-kempen.de\/index.php\/wp-json\/wp\/v2\/categories?post=9506"},{"taxonomy":"post_tag","embeddable":true,"href":"https:\/\/cdu-kempen.de\/index.php\/wp-json\/wp\/v2\/tags?post=9506"}],"curies":[{"name":"wp","href":"https:\/\/api.w.org\/{rel}","templated":true}]}}