{"id":9547,"date":"2020-11-08T14:35:27","date_gmt":"2020-11-08T14:35:27","guid":{"rendered":"https:\/\/cdu-kempen.de\/?p=9547"},"modified":"2020-11-08T14:43:16","modified_gmt":"2020-11-08T14:43:16","slug":"1-stellvertretende-landraetin-kommt-aus-kempen","status":"publish","type":"post","link":"https:\/\/cdu-kempen.de\/index.php\/1-stellvertretende-landraetin-kommt-aus-kempen\/","title":{"rendered":"1. stellvertretende Landr\u00e4tin kommt aus Kempen"},"content":{"rendered":"<p>In der konstituierenden Sitzung des Kreistags wurde Heike H\u00f6ltken von der CDU Kempen zur ersten stellvertretenden Landr\u00e4tin des Kreises Viersen gew\u00e4hlt.<\/p>\n<p>Die CDU Kempen gratuliert Heike H\u00f6ltken ganz herzlich und w\u00fcnscht f\u00fcr die neue Aufgabe alles Gute und viel Erfolg.<\/p>\n","protected":false},"excerpt":{"rendered":"<p>In der konstituierenden Sitzung des Kreistags wurde Heike H\u00f6ltken von der CDU Kempen zur ersten stellvertretenden Landr\u00e4tin des Kreises Viersen gew\u00e4hlt. Die CDU Kempen gratuliert Heike H\u00f6ltken ganz herzlich und w\u00fcnscht f\u00fcr die neue Aufgabe alles Gute und viel Erfolg.<\/p>\n","protected":false},"author":6,"featured_media":9551,"comment_status":"closed","ping_status":"open","sticky":false,"template":"","format":"standard","meta":{"_et_pb_use_builder":"","_et_pb_old_content":"","_et_gb_content_width":"","footnotes":""},"categories":[1],"tags":[],"class_list":["post-9547","post","type-post","status-publish","format-standard","has-post-thumbnail","hentry","category-uncategorized"],"_links":{"self":[{"href":"https:\/\/cdu-kempen.de\/index.php\/wp-json\/wp\/v2\/posts\/9547"}],"collection":[{"href":"https:\/\/cdu-kempen.de\/index.php\/wp-json\/wp\/v2\/posts"}],"about":[{"href":"https:\/\/cdu-kempen.de\/index.php\/wp-json\/wp\/v2\/types\/post"}],"author":[{"embeddable":true,"href":"https:\/\/cdu-kempen.de\/index.php\/wp-json\/wp\/v2\/users\/6"}],"replies":[{"embeddable":true,"href":"https:\/\/cdu-kempen.de\/index.php\/wp-json\/wp\/v2\/comments?post=9547"}],"version-history":[{"count":1,"href":"https:\/\/cdu-kempen.de\/index.php\/wp-json\/wp\/v2\/posts\/9547\/revisions"}],"predecessor-version":[{"id":9549,"href":"https:\/\/cdu-kempen.de\/index.php\/wp-json\/wp\/v2\/posts\/9547\/revisions\/9549"}],"wp:featuredmedia":[{"embeddable":true,"href":"https:\/\/cdu-kempen.de\/index.php\/wp-json\/wp\/v2\/media\/9551"}],"wp:attachment":[{"href":"https:\/\/cdu-kempen.de\/index.php\/wp-json\/wp\/v2\/media?parent=9547"}],"wp:term":[{"taxonomy":"category","embeddable":true,"href":"https:\/\/cdu-kempen.de\/index.php\/wp-json\/wp\/v2\/categories?post=9547"},{"taxonomy":"post_tag","embeddable":true,"href":"https:\/\/cdu-kempen.de\/index.php\/wp-json\/wp\/v2\/tags?post=9547"}],"curies":[{"name":"wp","href":"https:\/\/api.w.org\/{rel}","templated":true}]}}